{"id":1004,"date":"2018-05-01T08:05:46","date_gmt":"2018-05-01T07:05:46","guid":{"rendered":"http:\/\/www.solarmobil.jakob-fugger-gymnasium.de\/?p=1004"},"modified":"2018-05-20T08:07:34","modified_gmt":"2018-05-20T07:07:34","slug":"starterkits-2018-verschickt","status":"publish","type":"post","link":"https:\/\/www.solarmobil.jakob-fugger-gymnasium.de\/?p=1004","title":{"rendered":"Starterkits 2018 verschickt"},"content":{"rendered":"<p>Nach l\u00e4ngerer Lieferzeit sind die diesj\u00e4hrigen Starterkits nun fertig verpackt. Wir freuen uns, dass wir in diesem Jahr 26 Teams ausstatten konnten und danken gleichzeitig dem <a href=\"http:\/\/www.vdi-augsburg.de\/\" target=\"_blank\" rel=\"noopener\">Augsburger Bezirksverein &#8211; VDI<\/a> f\u00fcr die gro\u00dfz\u00fcgige Unterst\u00fctzung ohne die dies nicht m\u00f6glich gewesen w\u00e4re.<\/p>\n<p><a href=\"https:\/\/www.solarmobil.jakob-fugger-gymnasium.de\/wp-content\/uploads\/2018\/05\/20180425_171939-e1526799868553.jpg\"><img loading=\"lazy\" class=\"alignright wp-image-1005\" src=\"https:\/\/www.solarmobil.jakob-fugger-gymnasium.de\/wp-content\/uploads\/2018\/05\/20180425_171939-e1526799868553.jpg\" alt=\"\" width=\"300\" height=\"343\"><\/a>Die Starterkits 2018 enthalten zwei Solarpanels (4V; 0,6A) mit den Ma\u00dfen 195 x 80 x 3 mm, einen Solar-Motor und zwei einadrige Kabel (schwarz\/rot; jeweils ca. 30cm lang), zwei Zahnr\u00e4der, sowie ein Sicherheitsdatenblatt. Alle Schulen, die mehr als 2 Starterkits bestellt haben bekommen als Bonus noch einen Satz Zahnr\u00e4der zur weiteren Optimierung.<\/p>\n<p>Die Augsburger Schulen erhalten diese Pakete per Dienstpost und alle ausw\u00e4rtigen Schulen werden mit DHL beliefert.<\/p>\n<p>Viel Spa\u00df beim Basteln w\u00fcnscht Euch das Organisationsteam!<\/p>\n","protected":false},"excerpt":{"rendered":"<p>Nach l\u00e4ngerer Lieferzeit sind die diesj\u00e4hrigen Starterkits nun fertig verpackt. Wir freuen uns, dass wir in diesem Jahr 26 Teams ausstatten konnten und danken gleichzeitig dem Augsburger Bezirksverein &#8211; VDI f\u00fcr die gro\u00dfz\u00fcgige Unterst\u00fctzung ohne die dies nicht m\u00f6glich gewesen<span class=\"ellipsis\">&hellip;<\/span><\/p>\n<div class=\"read-more\"><a href=\"https:\/\/www.solarmobil.jakob-fugger-gymnasium.de\/?p=1004\">Weiterlesen \u203a<\/a><\/div>\n<p><!-- end of .read-more --><\/p>\n","protected":false},"author":4,"featured_media":0,"comment_status":"closed","ping_status":"closed","sticky":false,"template":"","format":"standard","meta":{"ngg_post_thumbnail":0},"categories":[1],"tags":[],"yoast_head":"<!-- This site is optimized with the Yoast SEO plugin v18.4.1 - https:\/\/yoast.com\/wordpress\/plugins\/seo\/ -->\n<title>Starterkits 2018 verschickt - SolarMobil Bayern<\/title>\n<meta name=\"robots\" content=\"index, follow, max-snippet:-1, max-image-preview:large, max-video-preview:-1\" \/>\n<link rel=\"canonical\" href=\"https:\/\/www.solarmobil.jakob-fugger-gymnasium.de\/?p=1004\" \/>\n<meta property=\"og:locale\" content=\"de_DE\" \/>\n<meta property=\"og:type\" content=\"article\" \/>\n<meta property=\"og:title\" content=\"Starterkits 2018 verschickt - SolarMobil Bayern\" \/>\n<meta property=\"og:description\" content=\"Nach l\u00e4ngerer Lieferzeit sind die diesj\u00e4hrigen Starterkits nun fertig verpackt. Wir freuen uns, dass wir in diesem Jahr 26 Teams ausstatten konnten und danken gleichzeitig dem Augsburger Bezirksverein &#8211; VDI f\u00fcr die gro\u00dfz\u00fcgige Unterst\u00fctzung ohne die dies nicht m\u00f6glich gewesen&hellip;Weiterlesen \u203a\" \/>\n<meta property=\"og:url\" content=\"https:\/\/www.solarmobil.jakob-fugger-gymnasium.de\/?p=1004\" \/>\n<meta property=\"og:site_name\" content=\"SolarMobil Bayern\" \/>\n<meta property=\"article:published_time\" content=\"2018-05-01T07:05:46+00:00\" \/>\n<meta property=\"article:modified_time\" content=\"2018-05-20T07:07:34+00:00\" \/>\n<meta property=\"og:image\" content=\"https:\/\/www.solarmobil.jakob-fugger-gymnasium.de\/wp-content\/uploads\/2018\/05\/20180425_171939-e1526799868553.jpg\" \/>\n<meta name=\"twitter:card\" content=\"summary_large_image\" \/>\n<meta name=\"twitter:label1\" content=\"Verfasst von\" \/>\n\t<meta name=\"twitter:data1\" content=\"J\u00f6rg Haas\" \/>\n\t<meta name=\"twitter:label2\" content=\"Gesch\u00e4tzte Lesezeit\" \/>\n\t<meta name=\"twitter:data2\" content=\"1\u00a0Minute\" \/>\n<script type=\"application\/ld+json\" class=\"yoast-schema-graph\">{\"@context\":\"https:\/\/schema.org\",\"@graph\":[{\"@type\":\"Organization\",\"@id\":\"https:\/\/www.solarmobil.jakob-fugger-gymnasium.de\/#organization\",\"name\":\"SolarMobil Bayern\",\"url\":\"https:\/\/www.solarmobil.jakob-fugger-gymnasium.de\/\",\"sameAs\":[],\"logo\":{\"@type\":\"ImageObject\",\"@id\":\"https:\/\/www.solarmobil.jakob-fugger-gymnasium.de\/#logo\",\"inLanguage\":\"de\",\"url\":\"https:\/\/www.solarmobil.jakob-fugger-gymnasium.de\/wp-content\/uploads\/2020\/12\/Solarmobil-Bayern.png\",\"contentUrl\":\"https:\/\/www.solarmobil.jakob-fugger-gymnasium.de\/wp-content\/uploads\/2020\/12\/Solarmobil-Bayern.png\",\"width\":563,\"height\":434,\"caption\":\"SolarMobil Bayern\"},\"image\":{\"@id\":\"https:\/\/www.solarmobil.jakob-fugger-gymnasium.de\/#logo\"}},{\"@type\":\"WebSite\",\"@id\":\"https:\/\/www.solarmobil.jakob-fugger-gymnasium.de\/#website\",\"url\":\"https:\/\/www.solarmobil.jakob-fugger-gymnasium.de\/\",\"name\":\"SolarMobil Bayern\",\"description\":\"Jakob-Fugger-Gymnasium\",\"publisher\":{\"@id\":\"https:\/\/www.solarmobil.jakob-fugger-gymnasium.de\/#organization\"},\"potentialAction\":[{\"@type\":\"SearchAction\",\"target\":{\"@type\":\"EntryPoint\",\"urlTemplate\":\"https:\/\/www.solarmobil.jakob-fugger-gymnasium.de\/?s={search_term_string}\"},\"query-input\":\"required name=search_term_string\"}],\"inLanguage\":\"de\"},{\"@type\":\"ImageObject\",\"@id\":\"https:\/\/www.solarmobil.jakob-fugger-gymnasium.de\/?p=1004#primaryimage\",\"inLanguage\":\"de\",\"url\":\"https:\/\/www.solarmobil.jakob-fugger-gymnasium.de\/wp-content\/uploads\/2018\/05\/20180425_171939-e1526799868553.jpg\",\"contentUrl\":\"https:\/\/www.solarmobil.jakob-fugger-gymnasium.de\/wp-content\/uploads\/2018\/05\/20180425_171939-e1526799868553.jpg\",\"width\":600,\"height\":686},{\"@type\":\"WebPage\",\"@id\":\"https:\/\/www.solarmobil.jakob-fugger-gymnasium.de\/?p=1004#webpage\",\"url\":\"https:\/\/www.solarmobil.jakob-fugger-gymnasium.de\/?p=1004\",\"name\":\"Starterkits 2018 verschickt - SolarMobil Bayern\",\"isPartOf\":{\"@id\":\"https:\/\/www.solarmobil.jakob-fugger-gymnasium.de\/#website\"},\"primaryImageOfPage\":{\"@id\":\"https:\/\/www.solarmobil.jakob-fugger-gymnasium.de\/?p=1004#primaryimage\"},\"datePublished\":\"2018-05-01T07:05:46+00:00\",\"dateModified\":\"2018-05-20T07:07:34+00:00\",\"breadcrumb\":{\"@id\":\"https:\/\/www.solarmobil.jakob-fugger-gymnasium.de\/?p=1004#breadcrumb\"},\"inLanguage\":\"de\",\"potentialAction\":[{\"@type\":\"ReadAction\",\"target\":[\"https:\/\/www.solarmobil.jakob-fugger-gymnasium.de\/?p=1004\"]}]},{\"@type\":\"BreadcrumbList\",\"@id\":\"https:\/\/www.solarmobil.jakob-fugger-gymnasium.de\/?p=1004#breadcrumb\",\"itemListElement\":[{\"@type\":\"ListItem\",\"position\":1,\"name\":\"Startseite\",\"item\":\"https:\/\/www.solarmobil.jakob-fugger-gymnasium.de\/\"},{\"@type\":\"ListItem\",\"position\":2,\"name\":\"Starterkits 2018 verschickt\"}]},{\"@type\":\"Article\",\"@id\":\"https:\/\/www.solarmobil.jakob-fugger-gymnasium.de\/?p=1004#article\",\"isPartOf\":{\"@id\":\"https:\/\/www.solarmobil.jakob-fugger-gymnasium.de\/?p=1004#webpage\"},\"author\":{\"@id\":\"https:\/\/www.solarmobil.jakob-fugger-gymnasium.de\/#\/schema\/person\/3bfdf910442efe2ef8f2bdd0d110728c\"},\"headline\":\"Starterkits 2018 verschickt\",\"datePublished\":\"2018-05-01T07:05:46+00:00\",\"dateModified\":\"2018-05-20T07:07:34+00:00\",\"mainEntityOfPage\":{\"@id\":\"https:\/\/www.solarmobil.jakob-fugger-gymnasium.de\/?p=1004#webpage\"},\"wordCount\":127,\"publisher\":{\"@id\":\"https:\/\/www.solarmobil.jakob-fugger-gymnasium.de\/#organization\"},\"image\":{\"@id\":\"https:\/\/www.solarmobil.jakob-fugger-gymnasium.de\/?p=1004#primaryimage\"},\"thumbnailUrl\":\"https:\/\/www.solarmobil.jakob-fugger-gymnasium.de\/wp-content\/uploads\/2018\/05\/20180425_171939-e1526799868553.jpg\",\"articleSection\":[\"News\"],\"inLanguage\":\"de\"},{\"@type\":\"Person\",\"@id\":\"https:\/\/www.solarmobil.jakob-fugger-gymnasium.de\/#\/schema\/person\/3bfdf910442efe2ef8f2bdd0d110728c\",\"name\":\"J\u00f6rg Haas\",\"image\":{\"@type\":\"ImageObject\",\"@id\":\"https:\/\/www.solarmobil.jakob-fugger-gymnasium.de\/#personlogo\",\"inLanguage\":\"de\",\"url\":\"https:\/\/secure.gravatar.com\/avatar\/23fb764a1cefc796b6360fdac36992e3?s=96&d=mm&r=g\",\"contentUrl\":\"https:\/\/secure.gravatar.com\/avatar\/23fb764a1cefc796b6360fdac36992e3?s=96&d=mm&r=g\",\"caption\":\"J\u00f6rg Haas\"},\"url\":\"https:\/\/www.solarmobil.jakob-fugger-gymnasium.de\/?author=4\"}]}<\/script>\n<!-- \/ Yoast SEO plugin. -->","yoast_head_json":{"title":"Starterkits 2018 verschickt - SolarMobil Bayern","robots":{"index":"index","follow":"follow","max-snippet":"max-snippet:-1","max-image-preview":"max-image-preview:large","max-video-preview":"max-video-preview:-1"},"canonical":"https:\/\/www.solarmobil.jakob-fugger-gymnasium.de\/?p=1004","og_locale":"de_DE","og_type":"article","og_title":"Starterkits 2018 verschickt - SolarMobil Bayern","og_description":"Nach l\u00e4ngerer Lieferzeit sind die diesj\u00e4hrigen Starterkits nun fertig verpackt. Wir freuen uns, dass wir in diesem Jahr 26 Teams ausstatten konnten und danken gleichzeitig dem Augsburger Bezirksverein &#8211; VDI f\u00fcr die gro\u00dfz\u00fcgige Unterst\u00fctzung ohne die dies nicht m\u00f6glich gewesen&hellip;Weiterlesen \u203a","og_url":"https:\/\/www.solarmobil.jakob-fugger-gymnasium.de\/?p=1004","og_site_name":"SolarMobil Bayern","article_published_time":"2018-05-01T07:05:46+00:00","article_modified_time":"2018-05-20T07:07:34+00:00","og_image":[{"url":"https:\/\/www.solarmobil.jakob-fugger-gymnasium.de\/wp-content\/uploads\/2018\/05\/20180425_171939-e1526799868553.jpg"}],"twitter_card":"summary_large_image","twitter_misc":{"Verfasst von":"J\u00f6rg Haas","Gesch\u00e4tzte Lesezeit":"1\u00a0Minute"},"schema":{"@context":"https:\/\/schema.org","@graph":[{"@type":"Organization","@id":"https:\/\/www.solarmobil.jakob-fugger-gymnasium.de\/#organization","name":"SolarMobil Bayern","url":"https:\/\/www.solarmobil.jakob-fugger-gymnasium.de\/","sameAs":[],"logo":{"@type":"ImageObject","@id":"https:\/\/www.solarmobil.jakob-fugger-gymnasium.de\/#logo","inLanguage":"de","url":"https:\/\/www.solarmobil.jakob-fugger-gymnasium.de\/wp-content\/uploads\/2020\/12\/Solarmobil-Bayern.png","contentUrl":"https:\/\/www.solarmobil.jakob-fugger-gymnasium.de\/wp-content\/uploads\/2020\/12\/Solarmobil-Bayern.png","width":563,"height":434,"caption":"SolarMobil Bayern"},"image":{"@id":"https:\/\/www.solarmobil.jakob-fugger-gymnasium.de\/#logo"}},{"@type":"WebSite","@id":"https:\/\/www.solarmobil.jakob-fugger-gymnasium.de\/#website","url":"https:\/\/www.solarmobil.jakob-fugger-gymnasium.de\/","name":"SolarMobil Bayern","description":"Jakob-Fugger-Gymnasium","publisher":{"@id":"https:\/\/www.solarmobil.jakob-fugger-gymnasium.de\/#organization"},"potentialAction":[{"@type":"SearchAction","target":{"@type":"EntryPoint","urlTemplate":"https:\/\/www.solarmobil.jakob-fugger-gymnasium.de\/?s={search_term_string}"},"query-input":"required name=search_term_string"}],"inLanguage":"de"},{"@type":"ImageObject","@id":"https:\/\/www.solarmobil.jakob-fugger-gymnasium.de\/?p=1004#primaryimage","inLanguage":"de","url":"https:\/\/www.solarmobil.jakob-fugger-gymnasium.de\/wp-content\/uploads\/2018\/05\/20180425_171939-e1526799868553.jpg","contentUrl":"https:\/\/www.solarmobil.jakob-fugger-gymnasium.de\/wp-content\/uploads\/2018\/05\/20180425_171939-e1526799868553.jpg","width":600,"height":686},{"@type":"WebPage","@id":"https:\/\/www.solarmobil.jakob-fugger-gymnasium.de\/?p=1004#webpage","url":"https:\/\/www.solarmobil.jakob-fugger-gymnasium.de\/?p=1004","name":"Starterkits 2018 verschickt - SolarMobil Bayern","isPartOf":{"@id":"https:\/\/www.solarmobil.jakob-fugger-gymnasium.de\/#website"},"primaryImageOfPage":{"@id":"https:\/\/www.solarmobil.jakob-fugger-gymnasium.de\/?p=1004#primaryimage"},"datePublished":"2018-05-01T07:05:46+00:00","dateModified":"2018-05-20T07:07:34+00:00","breadcrumb":{"@id":"https:\/\/www.solarmobil.jakob-fugger-gymnasium.de\/?p=1004#breadcrumb"},"inLanguage":"de","potentialAction":[{"@type":"ReadAction","target":["https:\/\/www.solarmobil.jakob-fugger-gymnasium.de\/?p=1004"]}]},{"@type":"BreadcrumbList","@id":"https:\/\/www.solarmobil.jakob-fugger-gymnasium.de\/?p=1004#breadcrumb","itemListElement":[{"@type":"ListItem","position":1,"name":"Startseite","item":"https:\/\/www.solarmobil.jakob-fugger-gymnasium.de\/"},{"@type":"ListItem","position":2,"name":"Starterkits 2018 verschickt"}]},{"@type":"Article","@id":"https:\/\/www.solarmobil.jakob-fugger-gymnasium.de\/?p=1004#article","isPartOf":{"@id":"https:\/\/www.solarmobil.jakob-fugger-gymnasium.de\/?p=1004#webpage"},"author":{"@id":"https:\/\/www.solarmobil.jakob-fugger-gymnasium.de\/#\/schema\/person\/3bfdf910442efe2ef8f2bdd0d110728c"},"headline":"Starterkits 2018 verschickt","datePublished":"2018-05-01T07:05:46+00:00","dateModified":"2018-05-20T07:07:34+00:00","mainEntityOfPage":{"@id":"https:\/\/www.solarmobil.jakob-fugger-gymnasium.de\/?p=1004#webpage"},"wordCount":127,"publisher":{"@id":"https:\/\/www.solarmobil.jakob-fugger-gymnasium.de\/#organization"},"image":{"@id":"https:\/\/www.solarmobil.jakob-fugger-gymnasium.de\/?p=1004#primaryimage"},"thumbnailUrl":"https:\/\/www.solarmobil.jakob-fugger-gymnasium.de\/wp-content\/uploads\/2018\/05\/20180425_171939-e1526799868553.jpg","articleSection":["News"],"inLanguage":"de"},{"@type":"Person","@id":"https:\/\/www.solarmobil.jakob-fugger-gymnasium.de\/#\/schema\/person\/3bfdf910442efe2ef8f2bdd0d110728c","name":"J\u00f6rg Haas","image":{"@type":"ImageObject","@id":"https:\/\/www.solarmobil.jakob-fugger-gymnasium.de\/#personlogo","inLanguage":"de","url":"https:\/\/secure.gravatar.com\/avatar\/23fb764a1cefc796b6360fdac36992e3?s=96&d=mm&r=g","contentUrl":"https:\/\/secure.gravatar.com\/avatar\/23fb764a1cefc796b6360fdac36992e3?s=96&d=mm&r=g","caption":"J\u00f6rg Haas"},"url":"https:\/\/www.solarmobil.jakob-fugger-gymnasium.de\/?author=4"}]}},"_links":{"self":[{"href":"https:\/\/www.solarmobil.jakob-fugger-gymnasium.de\/index.php?rest_route=\/wp\/v2\/posts\/1004"}],"collection":[{"href":"https:\/\/www.solarmobil.jakob-fugger-gymnasium.de\/index.php?rest_route=\/wp\/v2\/posts"}],"about":[{"href":"https:\/\/www.solarmobil.jakob-fugger-gymnasium.de\/index.php?rest_route=\/wp\/v2\/types\/post"}],"author":[{"embeddable":true,"href":"https:\/\/www.solarmobil.jakob-fugger-gymnasium.de\/index.php?rest_route=\/wp\/v2\/users\/4"}],"replies":[{"embeddable":true,"href":"https:\/\/www.solarmobil.jakob-fugger-gymnasium.de\/index.php?rest_route=%2Fwp%2Fv2%2Fcomments&post=1004"}],"version-history":[{"count":4,"href":"https:\/\/www.solarmobil.jakob-fugger-gymnasium.de\/index.php?rest_route=\/wp\/v2\/posts\/1004\/revisions"}],"predecessor-version":[{"id":1300,"href":"https:\/\/www.solarmobil.jakob-fugger-gymnasium.de\/index.php?rest_route=\/wp\/v2\/posts\/1004\/revisions\/1300"}],"wp:attachment":[{"href":"https:\/\/www.solarmobil.jakob-fugger-gymnasium.de\/index.php?rest_route=%2Fwp%2Fv2%2Fmedia&parent=1004"}],"wp:term":[{"taxonomy":"category","embeddable":true,"href":"https:\/\/www.solarmobil.jakob-fugger-gymnasium.de\/index.php?rest_route=%2Fwp%2Fv2%2Fcategories&post=1004"},{"taxonomy":"post_tag","embeddable":true,"href":"https:\/\/www.solarmobil.jakob-fugger-gymnasium.de\/index.php?rest_route=%2Fwp%2Fv2%2Ftags&post=1004"}],"curies":[{"name":"wp","href":"https:\/\/api.w.org\/{rel}","templated":true}]}}