{"id":399,"date":"2016-06-17T21:40:02","date_gmt":"2016-06-17T20:40:02","guid":{"rendered":"http:\/\/www.solarmobil.jakob-fugger-gymnasium.de\/?p=399"},"modified":"2017-02-01T22:08:20","modified_gmt":"2017-02-01T21:08:20","slug":"zeitplan-bewertungsboegen-der-jury-online","status":"publish","type":"post","link":"https:\/\/www.solarmobil.jakob-fugger-gymnasium.de\/?p=399","title":{"rendered":"Teilnehmerfeld und Zeitplan SolarMobil 2016"},"content":{"rendered":"<p>F\u00fcr den Regionalentscheid Bayern 2016 haben sich 13 Teams aus ganz Schwaben angelmeldet. In diesem Jahr ist der eine Startplatz f\u00fcr die DM im Bereich &#8222;Kreativ&#8220; besonders umk\u00e4mpft. 9 Teams k\u00e4mpfen um das Ticket nach Wolfsburg. F\u00fcr die Ultraleichtklasse (Junior) haben sich 4 Teams gemeldet.<\/p>\n<p>Nun steht der aktuelle Zeitplan f\u00fcr Donnerstag, den 23.6.2016 fest:<\/p>\n<p>9:45 \u2013 10:30 Registrierung der Teams und Technik-Check<br \/>\n10:30 \u2013 10:45 Begr\u00fc\u00dfung\/Gru\u00dfworte<br \/>\n10:45 \u2013 11:45 Vorl\u00e4ufe der Ultraleichtklasse<br \/>\n12:15 \u2013 13:00 Schaufahren der Kreativklasse<br \/>\n13:15 \u2013 13:45 Finalrennen der Ultraleichtklasse<br \/>\n14:00 \u2013 14:30 Siegerehrung und Ende der Veranstaltung<\/p>\n<p>Die Pr\u00e4sentationen der Fahrzeuge und der Plakate finden w\u00e4hrend der Rennen statt. Die Teilnehmerteams erhalten bei der Registrierung einen Zeitplan mit genauen Angaben zur Zeit ihrer Rennen und der Pr\u00e4sentation. Die Veranstalter des Wettbewerbs SolarMobil behalten sich das Recht vor, den Zeitplan ohne Vorank\u00fcndigung zu \u00e4ndern. Der Zeitplan auf der Website ist immer auf dem neuestm\u00f6glichen Stand. Beginn und Ende der Veranstaltung bleiben voraussichtlich unver\u00e4ndert, sodass die Teilnehmer ihre An- und Abreise passend planen k\u00f6nnen.<\/p>\n<p>Das Organisationsteam w\u00fcnscht allen Teams eine gute Anreise und einen sonnigen Tag!<\/p>\n","protected":false},"excerpt":{"rendered":"<p>F\u00fcr den Regionalentscheid Bayern 2016 haben sich 13 Teams aus ganz Schwaben angelmeldet. In diesem Jahr ist der eine Startplatz f\u00fcr die DM im Bereich &#8222;Kreativ&#8220; besonders umk\u00e4mpft. 9 Teams k\u00e4mpfen um das Ticket nach Wolfsburg. F\u00fcr die Ultraleichtklasse (Junior)<span class=\"ellipsis\">&hellip;<\/span><\/p>\n<div class=\"read-more\"><a href=\"https:\/\/www.solarmobil.jakob-fugger-gymnasium.de\/?p=399\">Weiterlesen \u203a<\/a><\/div>\n<p><!-- end of .read-more --><\/p>\n","protected":false},"author":4,"featured_media":0,"comment_status":"closed","ping_status":"closed","sticky":false,"template":"","format":"standard","meta":{"ngg_post_thumbnail":0},"categories":[1],"tags":[],"yoast_head":"<!-- This site is optimized with the Yoast SEO plugin v18.4.1 - https:\/\/yoast.com\/wordpress\/plugins\/seo\/ -->\n<title>Teilnehmerfeld und Zeitplan SolarMobil 2016 - SolarMobil Bayern<\/title>\n<meta name=\"robots\" content=\"index, follow, max-snippet:-1, max-image-preview:large, max-video-preview:-1\" \/>\n<link rel=\"canonical\" href=\"https:\/\/www.solarmobil.jakob-fugger-gymnasium.de\/?p=399\" \/>\n<meta property=\"og:locale\" content=\"de_DE\" \/>\n<meta property=\"og:type\" content=\"article\" \/>\n<meta property=\"og:title\" content=\"Teilnehmerfeld und Zeitplan SolarMobil 2016 - SolarMobil Bayern\" \/>\n<meta property=\"og:description\" content=\"F\u00fcr den Regionalentscheid Bayern 2016 haben sich 13 Teams aus ganz Schwaben angelmeldet. In diesem Jahr ist der eine Startplatz f\u00fcr die DM im Bereich &#8222;Kreativ&#8220; besonders umk\u00e4mpft. 9 Teams k\u00e4mpfen um das Ticket nach Wolfsburg. F\u00fcr die Ultraleichtklasse (Junior)&hellip;Weiterlesen \u203a\" \/>\n<meta property=\"og:url\" content=\"https:\/\/www.solarmobil.jakob-fugger-gymnasium.de\/?p=399\" \/>\n<meta property=\"og:site_name\" content=\"SolarMobil Bayern\" \/>\n<meta property=\"article:published_time\" content=\"2016-06-17T20:40:02+00:00\" \/>\n<meta property=\"article:modified_time\" content=\"2017-02-01T21:08:20+00:00\" \/>\n<meta name=\"twitter:card\" content=\"summary_large_image\" \/>\n<meta name=\"twitter:label1\" content=\"Verfasst von\" \/>\n\t<meta name=\"twitter:data1\" content=\"J\u00f6rg Haas\" \/>\n\t<meta name=\"twitter:label2\" content=\"Gesch\u00e4tzte Lesezeit\" \/>\n\t<meta name=\"twitter:data2\" content=\"1\u00a0Minute\" \/>\n<script type=\"application\/ld+json\" class=\"yoast-schema-graph\">{\"@context\":\"https:\/\/schema.org\",\"@graph\":[{\"@type\":\"Organization\",\"@id\":\"https:\/\/www.solarmobil.jakob-fugger-gymnasium.de\/#organization\",\"name\":\"SolarMobil Bayern\",\"url\":\"https:\/\/www.solarmobil.jakob-fugger-gymnasium.de\/\",\"sameAs\":[],\"logo\":{\"@type\":\"ImageObject\",\"@id\":\"https:\/\/www.solarmobil.jakob-fugger-gymnasium.de\/#logo\",\"inLanguage\":\"de\",\"url\":\"https:\/\/www.solarmobil.jakob-fugger-gymnasium.de\/wp-content\/uploads\/2020\/12\/Solarmobil-Bayern.png\",\"contentUrl\":\"https:\/\/www.solarmobil.jakob-fugger-gymnasium.de\/wp-content\/uploads\/2020\/12\/Solarmobil-Bayern.png\",\"width\":563,\"height\":434,\"caption\":\"SolarMobil Bayern\"},\"image\":{\"@id\":\"https:\/\/www.solarmobil.jakob-fugger-gymnasium.de\/#logo\"}},{\"@type\":\"WebSite\",\"@id\":\"https:\/\/www.solarmobil.jakob-fugger-gymnasium.de\/#website\",\"url\":\"https:\/\/www.solarmobil.jakob-fugger-gymnasium.de\/\",\"name\":\"SolarMobil Bayern\",\"description\":\"Jakob-Fugger-Gymnasium\",\"publisher\":{\"@id\":\"https:\/\/www.solarmobil.jakob-fugger-gymnasium.de\/#organization\"},\"potentialAction\":[{\"@type\":\"SearchAction\",\"target\":{\"@type\":\"EntryPoint\",\"urlTemplate\":\"https:\/\/www.solarmobil.jakob-fugger-gymnasium.de\/?s={search_term_string}\"},\"query-input\":\"required name=search_term_string\"}],\"inLanguage\":\"de\"},{\"@type\":\"WebPage\",\"@id\":\"https:\/\/www.solarmobil.jakob-fugger-gymnasium.de\/?p=399#webpage\",\"url\":\"https:\/\/www.solarmobil.jakob-fugger-gymnasium.de\/?p=399\",\"name\":\"Teilnehmerfeld und Zeitplan SolarMobil 2016 - SolarMobil Bayern\",\"isPartOf\":{\"@id\":\"https:\/\/www.solarmobil.jakob-fugger-gymnasium.de\/#website\"},\"datePublished\":\"2016-06-17T20:40:02+00:00\",\"dateModified\":\"2017-02-01T21:08:20+00:00\",\"breadcrumb\":{\"@id\":\"https:\/\/www.solarmobil.jakob-fugger-gymnasium.de\/?p=399#breadcrumb\"},\"inLanguage\":\"de\",\"potentialAction\":[{\"@type\":\"ReadAction\",\"target\":[\"https:\/\/www.solarmobil.jakob-fugger-gymnasium.de\/?p=399\"]}]},{\"@type\":\"BreadcrumbList\",\"@id\":\"https:\/\/www.solarmobil.jakob-fugger-gymnasium.de\/?p=399#breadcrumb\",\"itemListElement\":[{\"@type\":\"ListItem\",\"position\":1,\"name\":\"Startseite\",\"item\":\"https:\/\/www.solarmobil.jakob-fugger-gymnasium.de\/\"},{\"@type\":\"ListItem\",\"position\":2,\"name\":\"Teilnehmerfeld und Zeitplan SolarMobil 2016\"}]},{\"@type\":\"Article\",\"@id\":\"https:\/\/www.solarmobil.jakob-fugger-gymnasium.de\/?p=399#article\",\"isPartOf\":{\"@id\":\"https:\/\/www.solarmobil.jakob-fugger-gymnasium.de\/?p=399#webpage\"},\"author\":{\"@id\":\"https:\/\/www.solarmobil.jakob-fugger-gymnasium.de\/#\/schema\/person\/3bfdf910442efe2ef8f2bdd0d110728c\"},\"headline\":\"Teilnehmerfeld und Zeitplan SolarMobil 2016\",\"datePublished\":\"2016-06-17T20:40:02+00:00\",\"dateModified\":\"2017-02-01T21:08:20+00:00\",\"mainEntityOfPage\":{\"@id\":\"https:\/\/www.solarmobil.jakob-fugger-gymnasium.de\/?p=399#webpage\"},\"wordCount\":179,\"publisher\":{\"@id\":\"https:\/\/www.solarmobil.jakob-fugger-gymnasium.de\/#organization\"},\"articleSection\":[\"News\"],\"inLanguage\":\"de\"},{\"@type\":\"Person\",\"@id\":\"https:\/\/www.solarmobil.jakob-fugger-gymnasium.de\/#\/schema\/person\/3bfdf910442efe2ef8f2bdd0d110728c\",\"name\":\"J\u00f6rg Haas\",\"image\":{\"@type\":\"ImageObject\",\"@id\":\"https:\/\/www.solarmobil.jakob-fugger-gymnasium.de\/#personlogo\",\"inLanguage\":\"de\",\"url\":\"https:\/\/secure.gravatar.com\/avatar\/23fb764a1cefc796b6360fdac36992e3?s=96&d=mm&r=g\",\"contentUrl\":\"https:\/\/secure.gravatar.com\/avatar\/23fb764a1cefc796b6360fdac36992e3?s=96&d=mm&r=g\",\"caption\":\"J\u00f6rg Haas\"},\"url\":\"https:\/\/www.solarmobil.jakob-fugger-gymnasium.de\/?author=4\"}]}<\/script>\n<!-- \/ Yoast SEO plugin. -->","yoast_head_json":{"title":"Teilnehmerfeld und Zeitplan SolarMobil 2016 - SolarMobil Bayern","robots":{"index":"index","follow":"follow","max-snippet":"max-snippet:-1","max-image-preview":"max-image-preview:large","max-video-preview":"max-video-preview:-1"},"canonical":"https:\/\/www.solarmobil.jakob-fugger-gymnasium.de\/?p=399","og_locale":"de_DE","og_type":"article","og_title":"Teilnehmerfeld und Zeitplan SolarMobil 2016 - SolarMobil Bayern","og_description":"F\u00fcr den Regionalentscheid Bayern 2016 haben sich 13 Teams aus ganz Schwaben angelmeldet. In diesem Jahr ist der eine Startplatz f\u00fcr die DM im Bereich &#8222;Kreativ&#8220; besonders umk\u00e4mpft. 9 Teams k\u00e4mpfen um das Ticket nach Wolfsburg. F\u00fcr die Ultraleichtklasse (Junior)&hellip;Weiterlesen \u203a","og_url":"https:\/\/www.solarmobil.jakob-fugger-gymnasium.de\/?p=399","og_site_name":"SolarMobil Bayern","article_published_time":"2016-06-17T20:40:02+00:00","article_modified_time":"2017-02-01T21:08:20+00:00","twitter_card":"summary_large_image","twitter_misc":{"Verfasst von":"J\u00f6rg Haas","Gesch\u00e4tzte Lesezeit":"1\u00a0Minute"},"schema":{"@context":"https:\/\/schema.org","@graph":[{"@type":"Organization","@id":"https:\/\/www.solarmobil.jakob-fugger-gymnasium.de\/#organization","name":"SolarMobil Bayern","url":"https:\/\/www.solarmobil.jakob-fugger-gymnasium.de\/","sameAs":[],"logo":{"@type":"ImageObject","@id":"https:\/\/www.solarmobil.jakob-fugger-gymnasium.de\/#logo","inLanguage":"de","url":"https:\/\/www.solarmobil.jakob-fugger-gymnasium.de\/wp-content\/uploads\/2020\/12\/Solarmobil-Bayern.png","contentUrl":"https:\/\/www.solarmobil.jakob-fugger-gymnasium.de\/wp-content\/uploads\/2020\/12\/Solarmobil-Bayern.png","width":563,"height":434,"caption":"SolarMobil Bayern"},"image":{"@id":"https:\/\/www.solarmobil.jakob-fugger-gymnasium.de\/#logo"}},{"@type":"WebSite","@id":"https:\/\/www.solarmobil.jakob-fugger-gymnasium.de\/#website","url":"https:\/\/www.solarmobil.jakob-fugger-gymnasium.de\/","name":"SolarMobil Bayern","description":"Jakob-Fugger-Gymnasium","publisher":{"@id":"https:\/\/www.solarmobil.jakob-fugger-gymnasium.de\/#organization"},"potentialAction":[{"@type":"SearchAction","target":{"@type":"EntryPoint","urlTemplate":"https:\/\/www.solarmobil.jakob-fugger-gymnasium.de\/?s={search_term_string}"},"query-input":"required name=search_term_string"}],"inLanguage":"de"},{"@type":"WebPage","@id":"https:\/\/www.solarmobil.jakob-fugger-gymnasium.de\/?p=399#webpage","url":"https:\/\/www.solarmobil.jakob-fugger-gymnasium.de\/?p=399","name":"Teilnehmerfeld und Zeitplan SolarMobil 2016 - SolarMobil Bayern","isPartOf":{"@id":"https:\/\/www.solarmobil.jakob-fugger-gymnasium.de\/#website"},"datePublished":"2016-06-17T20:40:02+00:00","dateModified":"2017-02-01T21:08:20+00:00","breadcrumb":{"@id":"https:\/\/www.solarmobil.jakob-fugger-gymnasium.de\/?p=399#breadcrumb"},"inLanguage":"de","potentialAction":[{"@type":"ReadAction","target":["https:\/\/www.solarmobil.jakob-fugger-gymnasium.de\/?p=399"]}]},{"@type":"BreadcrumbList","@id":"https:\/\/www.solarmobil.jakob-fugger-gymnasium.de\/?p=399#breadcrumb","itemListElement":[{"@type":"ListItem","position":1,"name":"Startseite","item":"https:\/\/www.solarmobil.jakob-fugger-gymnasium.de\/"},{"@type":"ListItem","position":2,"name":"Teilnehmerfeld und Zeitplan SolarMobil 2016"}]},{"@type":"Article","@id":"https:\/\/www.solarmobil.jakob-fugger-gymnasium.de\/?p=399#article","isPartOf":{"@id":"https:\/\/www.solarmobil.jakob-fugger-gymnasium.de\/?p=399#webpage"},"author":{"@id":"https:\/\/www.solarmobil.jakob-fugger-gymnasium.de\/#\/schema\/person\/3bfdf910442efe2ef8f2bdd0d110728c"},"headline":"Teilnehmerfeld und Zeitplan SolarMobil 2016","datePublished":"2016-06-17T20:40:02+00:00","dateModified":"2017-02-01T21:08:20+00:00","mainEntityOfPage":{"@id":"https:\/\/www.solarmobil.jakob-fugger-gymnasium.de\/?p=399#webpage"},"wordCount":179,"publisher":{"@id":"https:\/\/www.solarmobil.jakob-fugger-gymnasium.de\/#organization"},"articleSection":["News"],"inLanguage":"de"},{"@type":"Person","@id":"https:\/\/www.solarmobil.jakob-fugger-gymnasium.de\/#\/schema\/person\/3bfdf910442efe2ef8f2bdd0d110728c","name":"J\u00f6rg Haas","image":{"@type":"ImageObject","@id":"https:\/\/www.solarmobil.jakob-fugger-gymnasium.de\/#personlogo","inLanguage":"de","url":"https:\/\/secure.gravatar.com\/avatar\/23fb764a1cefc796b6360fdac36992e3?s=96&d=mm&r=g","contentUrl":"https:\/\/secure.gravatar.com\/avatar\/23fb764a1cefc796b6360fdac36992e3?s=96&d=mm&r=g","caption":"J\u00f6rg Haas"},"url":"https:\/\/www.solarmobil.jakob-fugger-gymnasium.de\/?author=4"}]}},"_links":{"self":[{"href":"https:\/\/www.solarmobil.jakob-fugger-gymnasium.de\/index.php?rest_route=\/wp\/v2\/posts\/399"}],"collection":[{"href":"https:\/\/www.solarmobil.jakob-fugger-gymnasium.de\/index.php?rest_route=\/wp\/v2\/posts"}],"about":[{"href":"https:\/\/www.solarmobil.jakob-fugger-gymnasium.de\/index.php?rest_route=\/wp\/v2\/types\/post"}],"author":[{"embeddable":true,"href":"https:\/\/www.solarmobil.jakob-fugger-gymnasium.de\/index.php?rest_route=\/wp\/v2\/users\/4"}],"replies":[{"embeddable":true,"href":"https:\/\/www.solarmobil.jakob-fugger-gymnasium.de\/index.php?rest_route=%2Fwp%2Fv2%2Fcomments&post=399"}],"version-history":[{"count":11,"href":"https:\/\/www.solarmobil.jakob-fugger-gymnasium.de\/index.php?rest_route=\/wp\/v2\/posts\/399\/revisions"}],"predecessor-version":[{"id":724,"href":"https:\/\/www.solarmobil.jakob-fugger-gymnasium.de\/index.php?rest_route=\/wp\/v2\/posts\/399\/revisions\/724"}],"wp:attachment":[{"href":"https:\/\/www.solarmobil.jakob-fugger-gymnasium.de\/index.php?rest_route=%2Fwp%2Fv2%2Fmedia&parent=399"}],"wp:term":[{"taxonomy":"category","embeddable":true,"href":"https:\/\/www.solarmobil.jakob-fugger-gymnasium.de\/index.php?rest_route=%2Fwp%2Fv2%2Fcategories&post=399"},{"taxonomy":"post_tag","embeddable":true,"href":"https:\/\/www.solarmobil.jakob-fugger-gymnasium.de\/index.php?rest_route=%2Fwp%2Fv2%2Ftags&post=399"}],"curies":[{"name":"wp","href":"https:\/\/api.w.org\/{rel}","templated":true}]}}