{"id":501,"date":"2014-07-03T16:25:47","date_gmt":"2014-07-03T15:25:47","guid":{"rendered":"http:\/\/www.solarmobil.jakob-fugger-gymnasium.de\/?p=501"},"modified":"2014-07-03T16:26:12","modified_gmt":"2014-07-03T15:26:12","slug":"pack-die-sonne-in-den-tank","status":"publish","type":"post","link":"https:\/\/www.solarmobil.jakob-fugger-gymnasium.de\/?p=501","title":{"rendered":"Pack die Sonne in den Tank!"},"content":{"rendered":"<p><strong>Projekt-Seminar des Jakob-Fugger-Gymnasiums veranstaltet erstmals in Bayern einen Wettbewerb mit solargetriebenen Modellautos auf dem Campus der Hochschule Augsburg <\/strong><\/p>\n<p>Am 26. Juni fand auf dem Campus der Hochschule Augsburg der Landeswettbewerb SolarMobil statt. Die Veranstaltung wurde von sieben Sch\u00fclern der elften Klasse des Jakob-Fugger-Gymnasiums organisiert. Im Rahmen dieses Projekts wurden Sch\u00fcler der Jahrgangsstufen 5 bis 8 aus ganz Bayern eingeladen.<\/p>\n<p>Es gab zwei verschiedene Kategorien, in denen die Teams antreten konnten. In der Ultraleicht-Klasse ging es darum, ein schnelleres Modellauto als die Gegner zu entwerfen und zu bauen. In der Kreativ-Klasse hingegen kam es auf ein ausgefallenes Design an. Wie der Name SolarMobil schon sagt, durften die Autos lediglich mit Sonnenenergie angetrieben werden. Hilfsmittel wie Akkus waren untersagt. Unabh\u00e4ngig von der Klasse, in der die Teams antraten, mussten sie ihre Fahrzeuge auch vor einer Jury pr\u00e4sentieren.<!--more--><\/p>\n<p>Um 10.00 Uhr begann der Wettbewerb mit Gru\u00dfworten des Schulreferenten der Stadt Augsburg, Hermann K\u00f6hler, seines Zeichens Schirmherr der Veranstaltung, Prof. Franz Raps und Prof. Ulrich Thalhofer den Verantwortlichen der HS Augsburg und des VDI, Roland Kreitmeier, dem Leiter der Siemens Niederlassung Augsburg, sowie dem Schulleiter des Jakob-Fugger-Gymnasiums, Herr Kugelmann. Im Anschluss wurde die 10m lange Rennbahn ins Freie verlegt, da gl\u00fccklicherweise perfekte Wetterbedingungen herrschten und den ganzen Tag \u00fcber die Sonne vom wolkenlosen Himmel schien. Das Rennen begann mit der Gruppenphase in der Ultraleicht-Klasse. Schon hier war zu sehen, dass einige Teams richtige kleine \u201eSolarflitzer\u201c geschaffen hatten. W\u00e4hrend der unterschiedlichen Rennl\u00e4ufe besuchte eine Jury aus Professoren, Mitarbeitern und Studenten der HS Augsburg die einzelnen St\u00e4nde und befragte die Teams in punkto Technik und Bau und bewertetet zugleich auch die erstellten Poster.<\/p>\n<p>Nach der Mittagspause waren die Kreativ-Autos an der Reihe. Bei diesen Fahrzeugen spielte Geschwindigkeit zwar keine Rolle, jedoch fuhren die meisten der skurrilen Modellautos ohne Probleme die geforderte Strecke. Mit dabei waren unter anderem auch ein kleiner ICE, ein fahrendes Haus oder eine \u00fcberdimensionale Fliege.<\/p>\n<p>Nach diesem Schaufahren ging es auch schon ins spannende Halbfinale der Ultraleicht-Klasse. Jetzt gab es auch eine Hin- und R\u00fcckrunde, um absolute Chancengleichheit zu gew\u00e4hrleisten. Im anschlie\u00dfenden Finale kam es dann zum Showdown zwischen den Teams AnLuKe aus Kempten und dem Team Flitzbox des Jakob-Fugger-Gymnasiums Augsburg. Obwohl dem Auto aus Kempten nach einem Unfall bereits ein Rad fehlte, konnte es das Rennen gewinnen.<\/p>\n<p>Nach dem die Juryergebnisse mit den Rennergebnissen verrechnet waren, stand fest, dass beide Teams auch in der Gesamtwertung vorne lagen und sich so die Teilnahme am Bundeswettbewerb SolarMobil, der am 19.09.2014 in Dortmund stattfinden wird, sicherten. Auch das Gewinnerteam der Kreativklasse, die Solar-Racers aus K\u00f6nigsbrunn, hat sich mit seinem Fahrzeug &#8222;McFly&#8220;, der fahrenden Solar-Fliege, f\u00fcr den Deutschlandwettbewerb qualifiziert.<\/p>\n<p>Bei den Teilnehmern, die unter anderem aus Kempten, Tutzing und Lindau angereist kamen, stie\u00df der Wettbewerb auf gro\u00dfe Begeisterung. Vielleicht kann der Wettbewerb nun auch j\u00e4hrlich, wie schon in anderen Bundesl\u00e4ndern, in Bayern stattfinden.<\/p>\n","protected":false},"excerpt":{"rendered":"<p>Projekt-Seminar des Jakob-Fugger-Gymnasiums veranstaltet erstmals in Bayern einen Wettbewerb mit solargetriebenen Modellautos auf dem Campus der Hochschule Augsburg Am 26. Juni fand auf dem Campus der Hochschule Augsburg der Landeswettbewerb SolarMobil statt. Die Veranstaltung wurde von sieben Sch\u00fclern der elften<span class=\"ellipsis\">&hellip;<\/span><\/p>\n<div class=\"read-more\"><a href=\"https:\/\/www.solarmobil.jakob-fugger-gymnasium.de\/?p=501\">Weiterlesen \u203a<\/a><\/div>\n<p><!-- end of .read-more --><\/p>\n","protected":false},"author":2,"featured_media":0,"comment_status":"closed","ping_status":"closed","sticky":false,"template":"","format":"standard","meta":{"ngg_post_thumbnail":0},"categories":[1],"tags":[],"yoast_head":"<!-- This site is optimized with the Yoast SEO plugin v18.4.1 - https:\/\/yoast.com\/wordpress\/plugins\/seo\/ -->\n<title>Pack die Sonne in den Tank! - SolarMobil Bayern<\/title>\n<meta name=\"robots\" content=\"index, follow, max-snippet:-1, max-image-preview:large, max-video-preview:-1\" \/>\n<link rel=\"canonical\" href=\"https:\/\/www.solarmobil.jakob-fugger-gymnasium.de\/?p=501\" \/>\n<meta property=\"og:locale\" content=\"de_DE\" \/>\n<meta property=\"og:type\" content=\"article\" \/>\n<meta property=\"og:title\" content=\"Pack die Sonne in den Tank! - SolarMobil Bayern\" \/>\n<meta property=\"og:description\" content=\"Projekt-Seminar des Jakob-Fugger-Gymnasiums veranstaltet erstmals in Bayern einen Wettbewerb mit solargetriebenen Modellautos auf dem Campus der Hochschule Augsburg Am 26. Juni fand auf dem Campus der Hochschule Augsburg der Landeswettbewerb SolarMobil statt. Die Veranstaltung wurde von sieben Sch\u00fclern der elften&hellip;Weiterlesen \u203a\" \/>\n<meta property=\"og:url\" content=\"https:\/\/www.solarmobil.jakob-fugger-gymnasium.de\/?p=501\" \/>\n<meta property=\"og:site_name\" content=\"SolarMobil Bayern\" \/>\n<meta property=\"article:published_time\" content=\"2014-07-03T15:25:47+00:00\" \/>\n<meta property=\"article:modified_time\" content=\"2014-07-03T15:26:12+00:00\" \/>\n<meta name=\"twitter:card\" content=\"summary_large_image\" \/>\n<meta name=\"twitter:label1\" content=\"Verfasst von\" \/>\n\t<meta name=\"twitter:data1\" content=\"Jannik Vogt\" \/>\n\t<meta name=\"twitter:label2\" content=\"Gesch\u00e4tzte Lesezeit\" \/>\n\t<meta name=\"twitter:data2\" content=\"2\u00a0Minuten\" \/>\n<script type=\"application\/ld+json\" class=\"yoast-schema-graph\">{\"@context\":\"https:\/\/schema.org\",\"@graph\":[{\"@type\":\"Organization\",\"@id\":\"https:\/\/www.solarmobil.jakob-fugger-gymnasium.de\/#organization\",\"name\":\"SolarMobil Bayern\",\"url\":\"https:\/\/www.solarmobil.jakob-fugger-gymnasium.de\/\",\"sameAs\":[],\"logo\":{\"@type\":\"ImageObject\",\"@id\":\"https:\/\/www.solarmobil.jakob-fugger-gymnasium.de\/#logo\",\"inLanguage\":\"de\",\"url\":\"https:\/\/www.solarmobil.jakob-fugger-gymnasium.de\/wp-content\/uploads\/2020\/12\/Solarmobil-Bayern.png\",\"contentUrl\":\"https:\/\/www.solarmobil.jakob-fugger-gymnasium.de\/wp-content\/uploads\/2020\/12\/Solarmobil-Bayern.png\",\"width\":563,\"height\":434,\"caption\":\"SolarMobil Bayern\"},\"image\":{\"@id\":\"https:\/\/www.solarmobil.jakob-fugger-gymnasium.de\/#logo\"}},{\"@type\":\"WebSite\",\"@id\":\"https:\/\/www.solarmobil.jakob-fugger-gymnasium.de\/#website\",\"url\":\"https:\/\/www.solarmobil.jakob-fugger-gymnasium.de\/\",\"name\":\"SolarMobil Bayern\",\"description\":\"Jakob-Fugger-Gymnasium\",\"publisher\":{\"@id\":\"https:\/\/www.solarmobil.jakob-fugger-gymnasium.de\/#organization\"},\"potentialAction\":[{\"@type\":\"SearchAction\",\"target\":{\"@type\":\"EntryPoint\",\"urlTemplate\":\"https:\/\/www.solarmobil.jakob-fugger-gymnasium.de\/?s={search_term_string}\"},\"query-input\":\"required name=search_term_string\"}],\"inLanguage\":\"de\"},{\"@type\":\"WebPage\",\"@id\":\"https:\/\/www.solarmobil.jakob-fugger-gymnasium.de\/?p=501#webpage\",\"url\":\"https:\/\/www.solarmobil.jakob-fugger-gymnasium.de\/?p=501\",\"name\":\"Pack die Sonne in den Tank! - SolarMobil Bayern\",\"isPartOf\":{\"@id\":\"https:\/\/www.solarmobil.jakob-fugger-gymnasium.de\/#website\"},\"datePublished\":\"2014-07-03T15:25:47+00:00\",\"dateModified\":\"2014-07-03T15:26:12+00:00\",\"breadcrumb\":{\"@id\":\"https:\/\/www.solarmobil.jakob-fugger-gymnasium.de\/?p=501#breadcrumb\"},\"inLanguage\":\"de\",\"potentialAction\":[{\"@type\":\"ReadAction\",\"target\":[\"https:\/\/www.solarmobil.jakob-fugger-gymnasium.de\/?p=501\"]}]},{\"@type\":\"BreadcrumbList\",\"@id\":\"https:\/\/www.solarmobil.jakob-fugger-gymnasium.de\/?p=501#breadcrumb\",\"itemListElement\":[{\"@type\":\"ListItem\",\"position\":1,\"name\":\"Startseite\",\"item\":\"https:\/\/www.solarmobil.jakob-fugger-gymnasium.de\/\"},{\"@type\":\"ListItem\",\"position\":2,\"name\":\"Pack die Sonne in den Tank!\"}]},{\"@type\":\"Article\",\"@id\":\"https:\/\/www.solarmobil.jakob-fugger-gymnasium.de\/?p=501#article\",\"isPartOf\":{\"@id\":\"https:\/\/www.solarmobil.jakob-fugger-gymnasium.de\/?p=501#webpage\"},\"author\":{\"@id\":\"https:\/\/www.solarmobil.jakob-fugger-gymnasium.de\/#\/schema\/person\/02749b41f99da348b468b316524a138d\"},\"headline\":\"Pack die Sonne in den Tank!\",\"datePublished\":\"2014-07-03T15:25:47+00:00\",\"dateModified\":\"2014-07-03T15:26:12+00:00\",\"mainEntityOfPage\":{\"@id\":\"https:\/\/www.solarmobil.jakob-fugger-gymnasium.de\/?p=501#webpage\"},\"wordCount\":486,\"publisher\":{\"@id\":\"https:\/\/www.solarmobil.jakob-fugger-gymnasium.de\/#organization\"},\"articleSection\":[\"News\"],\"inLanguage\":\"de\"},{\"@type\":\"Person\",\"@id\":\"https:\/\/www.solarmobil.jakob-fugger-gymnasium.de\/#\/schema\/person\/02749b41f99da348b468b316524a138d\",\"name\":\"Jannik Vogt\",\"image\":{\"@type\":\"ImageObject\",\"@id\":\"https:\/\/www.solarmobil.jakob-fugger-gymnasium.de\/#personlogo\",\"inLanguage\":\"de\",\"url\":\"https:\/\/secure.gravatar.com\/avatar\/8bfc20e43056ecd4a05d58ddfb468f86?s=96&d=mm&r=g\",\"contentUrl\":\"https:\/\/secure.gravatar.com\/avatar\/8bfc20e43056ecd4a05d58ddfb468f86?s=96&d=mm&r=g\",\"caption\":\"Jannik Vogt\"},\"url\":\"https:\/\/www.solarmobil.jakob-fugger-gymnasium.de\/?author=2\"}]}<\/script>\n<!-- \/ Yoast SEO plugin. -->","yoast_head_json":{"title":"Pack die Sonne in den Tank! - SolarMobil Bayern","robots":{"index":"index","follow":"follow","max-snippet":"max-snippet:-1","max-image-preview":"max-image-preview:large","max-video-preview":"max-video-preview:-1"},"canonical":"https:\/\/www.solarmobil.jakob-fugger-gymnasium.de\/?p=501","og_locale":"de_DE","og_type":"article","og_title":"Pack die Sonne in den Tank! - SolarMobil Bayern","og_description":"Projekt-Seminar des Jakob-Fugger-Gymnasiums veranstaltet erstmals in Bayern einen Wettbewerb mit solargetriebenen Modellautos auf dem Campus der Hochschule Augsburg Am 26. Juni fand auf dem Campus der Hochschule Augsburg der Landeswettbewerb SolarMobil statt. Die Veranstaltung wurde von sieben Sch\u00fclern der elften&hellip;Weiterlesen \u203a","og_url":"https:\/\/www.solarmobil.jakob-fugger-gymnasium.de\/?p=501","og_site_name":"SolarMobil Bayern","article_published_time":"2014-07-03T15:25:47+00:00","article_modified_time":"2014-07-03T15:26:12+00:00","twitter_card":"summary_large_image","twitter_misc":{"Verfasst von":"Jannik Vogt","Gesch\u00e4tzte Lesezeit":"2\u00a0Minuten"},"schema":{"@context":"https:\/\/schema.org","@graph":[{"@type":"Organization","@id":"https:\/\/www.solarmobil.jakob-fugger-gymnasium.de\/#organization","name":"SolarMobil Bayern","url":"https:\/\/www.solarmobil.jakob-fugger-gymnasium.de\/","sameAs":[],"logo":{"@type":"ImageObject","@id":"https:\/\/www.solarmobil.jakob-fugger-gymnasium.de\/#logo","inLanguage":"de","url":"https:\/\/www.solarmobil.jakob-fugger-gymnasium.de\/wp-content\/uploads\/2020\/12\/Solarmobil-Bayern.png","contentUrl":"https:\/\/www.solarmobil.jakob-fugger-gymnasium.de\/wp-content\/uploads\/2020\/12\/Solarmobil-Bayern.png","width":563,"height":434,"caption":"SolarMobil Bayern"},"image":{"@id":"https:\/\/www.solarmobil.jakob-fugger-gymnasium.de\/#logo"}},{"@type":"WebSite","@id":"https:\/\/www.solarmobil.jakob-fugger-gymnasium.de\/#website","url":"https:\/\/www.solarmobil.jakob-fugger-gymnasium.de\/","name":"SolarMobil Bayern","description":"Jakob-Fugger-Gymnasium","publisher":{"@id":"https:\/\/www.solarmobil.jakob-fugger-gymnasium.de\/#organization"},"potentialAction":[{"@type":"SearchAction","target":{"@type":"EntryPoint","urlTemplate":"https:\/\/www.solarmobil.jakob-fugger-gymnasium.de\/?s={search_term_string}"},"query-input":"required name=search_term_string"}],"inLanguage":"de"},{"@type":"WebPage","@id":"https:\/\/www.solarmobil.jakob-fugger-gymnasium.de\/?p=501#webpage","url":"https:\/\/www.solarmobil.jakob-fugger-gymnasium.de\/?p=501","name":"Pack die Sonne in den Tank! - SolarMobil Bayern","isPartOf":{"@id":"https:\/\/www.solarmobil.jakob-fugger-gymnasium.de\/#website"},"datePublished":"2014-07-03T15:25:47+00:00","dateModified":"2014-07-03T15:26:12+00:00","breadcrumb":{"@id":"https:\/\/www.solarmobil.jakob-fugger-gymnasium.de\/?p=501#breadcrumb"},"inLanguage":"de","potentialAction":[{"@type":"ReadAction","target":["https:\/\/www.solarmobil.jakob-fugger-gymnasium.de\/?p=501"]}]},{"@type":"BreadcrumbList","@id":"https:\/\/www.solarmobil.jakob-fugger-gymnasium.de\/?p=501#breadcrumb","itemListElement":[{"@type":"ListItem","position":1,"name":"Startseite","item":"https:\/\/www.solarmobil.jakob-fugger-gymnasium.de\/"},{"@type":"ListItem","position":2,"name":"Pack die Sonne in den Tank!"}]},{"@type":"Article","@id":"https:\/\/www.solarmobil.jakob-fugger-gymnasium.de\/?p=501#article","isPartOf":{"@id":"https:\/\/www.solarmobil.jakob-fugger-gymnasium.de\/?p=501#webpage"},"author":{"@id":"https:\/\/www.solarmobil.jakob-fugger-gymnasium.de\/#\/schema\/person\/02749b41f99da348b468b316524a138d"},"headline":"Pack die Sonne in den Tank!","datePublished":"2014-07-03T15:25:47+00:00","dateModified":"2014-07-03T15:26:12+00:00","mainEntityOfPage":{"@id":"https:\/\/www.solarmobil.jakob-fugger-gymnasium.de\/?p=501#webpage"},"wordCount":486,"publisher":{"@id":"https:\/\/www.solarmobil.jakob-fugger-gymnasium.de\/#organization"},"articleSection":["News"],"inLanguage":"de"},{"@type":"Person","@id":"https:\/\/www.solarmobil.jakob-fugger-gymnasium.de\/#\/schema\/person\/02749b41f99da348b468b316524a138d","name":"Jannik Vogt","image":{"@type":"ImageObject","@id":"https:\/\/www.solarmobil.jakob-fugger-gymnasium.de\/#personlogo","inLanguage":"de","url":"https:\/\/secure.gravatar.com\/avatar\/8bfc20e43056ecd4a05d58ddfb468f86?s=96&d=mm&r=g","contentUrl":"https:\/\/secure.gravatar.com\/avatar\/8bfc20e43056ecd4a05d58ddfb468f86?s=96&d=mm&r=g","caption":"Jannik Vogt"},"url":"https:\/\/www.solarmobil.jakob-fugger-gymnasium.de\/?author=2"}]}},"_links":{"self":[{"href":"https:\/\/www.solarmobil.jakob-fugger-gymnasium.de\/index.php?rest_route=\/wp\/v2\/posts\/501"}],"collection":[{"href":"https:\/\/www.solarmobil.jakob-fugger-gymnasium.de\/index.php?rest_route=\/wp\/v2\/posts"}],"about":[{"href":"https:\/\/www.solarmobil.jakob-fugger-gymnasium.de\/index.php?rest_route=\/wp\/v2\/types\/post"}],"author":[{"embeddable":true,"href":"https:\/\/www.solarmobil.jakob-fugger-gymnasium.de\/index.php?rest_route=\/wp\/v2\/users\/2"}],"replies":[{"embeddable":true,"href":"https:\/\/www.solarmobil.jakob-fugger-gymnasium.de\/index.php?rest_route=%2Fwp%2Fv2%2Fcomments&post=501"}],"version-history":[{"count":2,"href":"https:\/\/www.solarmobil.jakob-fugger-gymnasium.de\/index.php?rest_route=\/wp\/v2\/posts\/501\/revisions"}],"predecessor-version":[{"id":503,"href":"https:\/\/www.solarmobil.jakob-fugger-gymnasium.de\/index.php?rest_route=\/wp\/v2\/posts\/501\/revisions\/503"}],"wp:attachment":[{"href":"https:\/\/www.solarmobil.jakob-fugger-gymnasium.de\/index.php?rest_route=%2Fwp%2Fv2%2Fmedia&parent=501"}],"wp:term":[{"taxonomy":"category","embeddable":true,"href":"https:\/\/www.solarmobil.jakob-fugger-gymnasium.de\/index.php?rest_route=%2Fwp%2Fv2%2Fcategories&post=501"},{"taxonomy":"post_tag","embeddable":true,"href":"https:\/\/www.solarmobil.jakob-fugger-gymnasium.de\/index.php?rest_route=%2Fwp%2Fv2%2Ftags&post=501"}],"curies":[{"name":"wp","href":"https:\/\/api.w.org\/{rel}","templated":true}]}}