{"id":696,"date":"2016-06-25T20:44:13","date_gmt":"2016-06-25T19:44:13","guid":{"rendered":"http:\/\/www.solarmobil.jakob-fugger-gymnasium.de\/?p=696"},"modified":"2016-06-25T20:58:32","modified_gmt":"2016-06-25T19:58:32","slug":"bilder-vom-wettbewerbstag-2016","status":"publish","type":"post","link":"https:\/\/www.solarmobil.jakob-fugger-gymnasium.de\/?p=696","title":{"rendered":"Bilder vom Wettbewerbstag 2016"},"content":{"rendered":"<p>Der SolarMobil-Wettbewerb Bayern 2016 war wieder ein voller Erfolg. Die ersten Bilder sind schon online und der ausf\u00fchrliche Bericht und weitere Bilder folgen in den n\u00e4chsten Tagen&#8230;<\/p>\n<p style=\"text-align: center;\"><!-- default-view.php -->\n<div\n\tclass=\"ngg-galleryoverview default-view\n\t ngg-ajax-pagination-none\t\"\n\tid=\"ngg-gallery-592a1519fa27c8babfb1d82e1d0d6e59-1\"\n\tdata-nextgen-gallery-id=\"8\"\n\tdata-gallery-id=\"8\"\n\t\tdata-gallery-name=\"Wettbewerb 2016\"\n\t>\n\n\t\t<!-- Thumbnails -->\n\t\t\t\t<div id=\"ngg-image-0\" class=\"ngg-gallery-thumbnail-box\n\t\t\t\t\t\t\t\t\t\t\t\"\n\t\t\t>\n\t\t\t\t\t\t<div class=\"ngg-gallery-thumbnail\">\n\t\t<a href=\"https:\/\/www.solarmobil.jakob-fugger-gymnasium.de\/wp-content\/gallery\/wettbewerb-2016\/1_Nach_dem_Checkin_klein.JPG?t=1609521616\"\n\t\t\ttitle=\"Nach dem Checkin\"\n\t\t\tdata-src=\"https:\/\/www.solarmobil.jakob-fugger-gymnasium.de\/wp-content\/gallery\/wettbewerb-2016\/1_Nach_dem_Checkin_klein.JPG?t=1609521616\"\n\t\t\tdata-thumbnail=\"https:\/\/www.solarmobil.jakob-fugger-gymnasium.de\/wp-content\/gallery\/wettbewerb-2016\/thumbs\/thumbs_1_Nach_dem_Checkin_klein.JPG?t=1609521616\"\n\t\t\tdata-image-id=\"59\"\n\t\t\tdata-image-name=\"1_Nach_dem_Checkin_klein.JPG\"\n\t\t\tdata-title=\"Nach dem Checkin\"\n\t\t\tdata-description=\"Nach dem Checkin\"\n\t\t\tdata-image-slug=\"1_nach_dem_checkin_klein\"\n\t\t\t\t\t\t\t\t\t\t\t\t\t\t\t\t\t\t\t\tclass=\"ngg-fancybox\" rel=\"592a1519fa27c8babfb1d82e1d0d6e59\">\n\t\t\t\t\t\t\t\t<img\n\t\t\t\t\ttitle=\"Nach dem Checkin\"\n\t\t\t\t\talt=\"Nach dem Checkin\"\n\t\t\t\t\tsrc=\"https:\/\/www.solarmobil.jakob-fugger-gymnasium.de\/wp-content\/gallery\/wettbewerb-2016\/cache\/1_Nach_dem_Checkin_klein.JPG-nggid0259-ngg0dyn-120x90x100-00f0w010c011r110f110r010t010.JPG?t=1609521616\"\n\t\t\t\t\twidth=\"120\"\n\t\t\t\t\theight=\"90\"\n\t\t\t\t\tstyle=\"max-width:100%;\"\n\t\t\t\t\/>\n\t\t\t<\/a>\n\t\t<\/div>\n\t\t\t\t\t\t\t<\/div>\n\t\t\t\n\t\t\t\t<div id=\"ngg-image-1\" class=\"ngg-gallery-thumbnail-box\n\t\t\t\t\t\t\t\t\t\t\t\"\n\t\t\t>\n\t\t\t\t\t\t<div class=\"ngg-gallery-thumbnail\">\n\t\t<a href=\"https:\/\/www.solarmobil.jakob-fugger-gymnasium.de\/wp-content\/gallery\/wettbewerb-2016\/2_Begr%C3%BC%C3%9Fung_Raps_klein.JPG?t=1557920544\"\n\t\t\ttitle=\"Begr\u00fc\u00dfung Prof. Raps\"\n\t\t\tdata-src=\"https:\/\/www.solarmobil.jakob-fugger-gymnasium.de\/wp-content\/gallery\/wettbewerb-2016\/2_Begr%C3%BC%C3%9Fung_Raps_klein.JPG?t=1557920544\"\n\t\t\tdata-thumbnail=\"https:\/\/www.solarmobil.jakob-fugger-gymnasium.de\/wp-content\/gallery\/wettbewerb-2016\/thumbs\/thumbs_2_Begr%C3%BC%C3%9Fung_Raps_klein.JPG?t=1557920544\"\n\t\t\tdata-image-id=\"60\"\n\t\t\tdata-image-name=\"2_Begr\u00fc\u00dfung_Raps_klein.JPG\"\n\t\t\tdata-title=\"Begr\u00fc\u00dfung Prof. Raps\"\n\t\t\tdata-description=\"Begr\u00fc\u00dfung Prof. Raps\"\n\t\t\tdata-image-slug=\"begruessung-prof-raps-3\"\n\t\t\t\t\t\t\t\t\t\t\t\t\t\t\t\t\t\t\t\tclass=\"ngg-fancybox\" rel=\"592a1519fa27c8babfb1d82e1d0d6e59\">\n\t\t\t\t\t\t\t\t<img\n\t\t\t\t\ttitle=\"Begr\u00fc\u00dfung Prof. Raps\"\n\t\t\t\t\talt=\"Begr\u00fc\u00dfung Prof. Raps\"\n\t\t\t\t\tsrc=\"https:\/\/www.solarmobil.jakob-fugger-gymnasium.de\/wp-content\/gallery\/wettbewerb-2016\/cache\/2_Begr%C3%BC%C3%9Fung_Raps_klein.JPG-nggid0260-ngg0dyn-120x90x100-00f0w010c011r110f110r010t010.JPG?t=1557920544\"\n\t\t\t\t\twidth=\"120\"\n\t\t\t\t\theight=\"90\"\n\t\t\t\t\tstyle=\"max-width:100%;\"\n\t\t\t\t\/>\n\t\t\t<\/a>\n\t\t<\/div>\n\t\t\t\t\t\t\t<\/div>\n\t\t\t\n\t\t\t\t<div id=\"ngg-image-2\" class=\"ngg-gallery-thumbnail-box\n\t\t\t\t\t\t\t\t\t\t\t\"\n\t\t\t>\n\t\t\t\t\t\t<div class=\"ngg-gallery-thumbnail\">\n\t\t<a href=\"https:\/\/www.solarmobil.jakob-fugger-gymnasium.de\/wp-content\/gallery\/wettbewerb-2016\/3_Begr%C3%BC%C3%9Fung_K%C3%B6hler_klein.JPG?t=1557920544\"\n\t\t\ttitle=\"Begr\u00fc\u00dfung Hermann K\u00f6hler (Schulreferent und Schirmherr)\"\n\t\t\tdata-src=\"https:\/\/www.solarmobil.jakob-fugger-gymnasium.de\/wp-content\/gallery\/wettbewerb-2016\/3_Begr%C3%BC%C3%9Fung_K%C3%B6hler_klein.JPG?t=1557920544\"\n\t\t\tdata-thumbnail=\"https:\/\/www.solarmobil.jakob-fugger-gymnasium.de\/wp-content\/gallery\/wettbewerb-2016\/thumbs\/thumbs_3_Begr%C3%BC%C3%9Fung_K%C3%B6hler_klein.JPG?t=1557920544\"\n\t\t\tdata-image-id=\"61\"\n\t\t\tdata-image-name=\"3_Begr\u00fc\u00dfung_K\u00f6hler_klein.JPG\"\n\t\t\tdata-title=\"Begr\u00fc\u00dfung Hermann K\u00f6hler (Schulreferent))\"\n\t\t\tdata-description=\"Begr\u00fc\u00dfung Hermann K\u00f6hler (Schulreferent und Schirmherr)\"\n\t\t\tdata-image-slug=\"begruessung-hermann-koehler-schulreferent-3\"\n\t\t\t\t\t\t\t\t\t\t\t\t\t\t\t\t\t\t\t\tclass=\"ngg-fancybox\" rel=\"592a1519fa27c8babfb1d82e1d0d6e59\">\n\t\t\t\t\t\t\t\t<img\n\t\t\t\t\ttitle=\"Begr\u00fc\u00dfung Hermann K\u00f6hler (Schulreferent))\"\n\t\t\t\t\talt=\"Begr\u00fc\u00dfung Hermann K\u00f6hler (Schulreferent))\"\n\t\t\t\t\tsrc=\"https:\/\/www.solarmobil.jakob-fugger-gymnasium.de\/wp-content\/gallery\/wettbewerb-2016\/cache\/3_Begr%C3%BC%C3%9Fung_K%C3%B6hler_klein.JPG-nggid0261-ngg0dyn-120x90x100-00f0w010c011r110f110r010t010.JPG?t=1557920544\"\n\t\t\t\t\twidth=\"120\"\n\t\t\t\t\theight=\"90\"\n\t\t\t\t\tstyle=\"max-width:100%;\"\n\t\t\t\t\/>\n\t\t\t<\/a>\n\t\t<\/div>\n\t\t\t\t\t\t\t<\/div>\n\t\t\t\n\t\t\t\t<div id=\"ngg-image-3\" class=\"ngg-gallery-thumbnail-box\n\t\t\t\t\t\t\t\t\t\t\t\"\n\t\t\t>\n\t\t\t\t\t\t<div class=\"ngg-gallery-thumbnail\">\n\t\t<a href=\"https:\/\/www.solarmobil.jakob-fugger-gymnasium.de\/wp-content\/gallery\/wettbewerb-2016\/4_Begr%C3%BC%C3%9Fung_Thalhofer_klein.JPG?t=1557920544\"\n\t\t\ttitle=\"Begr\u00fc\u00dfung Prof. Thalhofer\"\n\t\t\tdata-src=\"https:\/\/www.solarmobil.jakob-fugger-gymnasium.de\/wp-content\/gallery\/wettbewerb-2016\/4_Begr%C3%BC%C3%9Fung_Thalhofer_klein.JPG?t=1557920544\"\n\t\t\tdata-thumbnail=\"https:\/\/www.solarmobil.jakob-fugger-gymnasium.de\/wp-content\/gallery\/wettbewerb-2016\/thumbs\/thumbs_4_Begr%C3%BC%C3%9Fung_Thalhofer_klein.JPG?t=1557920544\"\n\t\t\tdata-image-id=\"62\"\n\t\t\tdata-image-name=\"4_Begr\u00fc\u00dfung_Thalhofer_klein.JPG\"\n\t\t\tdata-title=\"Begr\u00fc\u00dfung Prof. Thalhofer\"\n\t\t\tdata-description=\"Begr\u00fc\u00dfung Prof. Thalhofer\"\n\t\t\tdata-image-slug=\"begruessung-prof-thalhofer-3\"\n\t\t\t\t\t\t\t\t\t\t\t\t\t\t\t\t\t\t\t\tclass=\"ngg-fancybox\" rel=\"592a1519fa27c8babfb1d82e1d0d6e59\">\n\t\t\t\t\t\t\t\t<img\n\t\t\t\t\ttitle=\"Begr\u00fc\u00dfung Prof. Thalhofer\"\n\t\t\t\t\talt=\"Begr\u00fc\u00dfung Prof. Thalhofer\"\n\t\t\t\t\tsrc=\"https:\/\/www.solarmobil.jakob-fugger-gymnasium.de\/wp-content\/gallery\/wettbewerb-2016\/cache\/4_Begr%C3%BC%C3%9Fung_Thalhofer_klein.JPG-nggid0262-ngg0dyn-120x90x100-00f0w010c011r110f110r010t010.JPG?t=1557920544\"\n\t\t\t\t\twidth=\"120\"\n\t\t\t\t\theight=\"90\"\n\t\t\t\t\tstyle=\"max-width:100%;\"\n\t\t\t\t\/>\n\t\t\t<\/a>\n\t\t<\/div>\n\t\t\t\t\t\t\t<\/div>\n\t\t\t\n\t\t\t\t<div id=\"ngg-image-4\" class=\"ngg-gallery-thumbnail-box\n\t\t\t\t\t\t\t\t\t\t\t\"\n\t\t\t>\n\t\t\t\t\t\t<div class=\"ngg-gallery-thumbnail\">\n\t\t<a href=\"https:\/\/www.solarmobil.jakob-fugger-gymnasium.de\/wp-content\/gallery\/wettbewerb-2016\/5_Einweisung_Haas_klein.JPG?t=1557920544\"\n\t\t\ttitle=\"Einweisung in den Wettbewerb\"\n\t\t\tdata-src=\"https:\/\/www.solarmobil.jakob-fugger-gymnasium.de\/wp-content\/gallery\/wettbewerb-2016\/5_Einweisung_Haas_klein.JPG?t=1557920544\"\n\t\t\tdata-thumbnail=\"https:\/\/www.solarmobil.jakob-fugger-gymnasium.de\/wp-content\/gallery\/wettbewerb-2016\/thumbs\/thumbs_5_Einweisung_Haas_klein.JPG?t=1557920544\"\n\t\t\tdata-image-id=\"63\"\n\t\t\tdata-image-name=\"5_Einweisung_Haas_klein.JPG\"\n\t\t\tdata-title=\"Einweisung in den Wettbewerb\"\n\t\t\tdata-description=\"Einweisung in den Wettbewerb\"\n\t\t\tdata-image-slug=\"einweisung-in-den-wettbewerb-3\"\n\t\t\t\t\t\t\t\t\t\t\t\t\t\t\t\t\t\t\t\tclass=\"ngg-fancybox\" rel=\"592a1519fa27c8babfb1d82e1d0d6e59\">\n\t\t\t\t\t\t\t\t<img\n\t\t\t\t\ttitle=\"Einweisung in den Wettbewerb\"\n\t\t\t\t\talt=\"Einweisung in den Wettbewerb\"\n\t\t\t\t\tsrc=\"https:\/\/www.solarmobil.jakob-fugger-gymnasium.de\/wp-content\/gallery\/wettbewerb-2016\/cache\/5_Einweisung_Haas_klein.JPG-nggid0263-ngg0dyn-120x90x100-00f0w010c011r110f110r010t010.JPG?t=1557920544\"\n\t\t\t\t\twidth=\"120\"\n\t\t\t\t\theight=\"90\"\n\t\t\t\t\tstyle=\"max-width:100%;\"\n\t\t\t\t\/>\n\t\t\t<\/a>\n\t\t<\/div>\n\t\t\t\t\t\t\t<\/div>\n\t\t\t\n\t\t\t\t<div id=\"ngg-image-5\" class=\"ngg-gallery-thumbnail-box\n\t\t\t\t\t\t\t\t\t\t\t\"\n\t\t\t>\n\t\t\t\t\t\t<div class=\"ngg-gallery-thumbnail\">\n\t\t<a href=\"https:\/\/www.solarmobil.jakob-fugger-gymnasium.de\/wp-content\/gallery\/wettbewerb-2016\/6_Vorlauf_Ultraleicht_klein.JPG?t=1557920544\"\n\t\t\ttitle=\"1. Vorlauf Ultraleicht\"\n\t\t\tdata-src=\"https:\/\/www.solarmobil.jakob-fugger-gymnasium.de\/wp-content\/gallery\/wettbewerb-2016\/6_Vorlauf_Ultraleicht_klein.JPG?t=1557920544\"\n\t\t\tdata-thumbnail=\"https:\/\/www.solarmobil.jakob-fugger-gymnasium.de\/wp-content\/gallery\/wettbewerb-2016\/thumbs\/thumbs_6_Vorlauf_Ultraleicht_klein.JPG?t=1557920544\"\n\t\t\tdata-image-id=\"64\"\n\t\t\tdata-image-name=\"6_Vorlauf_Ultraleicht_klein.JPG\"\n\t\t\tdata-title=\"1. Vorlauf Ultraleicht\"\n\t\t\tdata-description=\"1. Vorlauf Ultraleicht\"\n\t\t\tdata-image-slug=\"1-vorlauf-ultraleicht-3\"\n\t\t\t\t\t\t\t\t\t\t\t\t\t\t\t\t\t\t\t\tclass=\"ngg-fancybox\" rel=\"592a1519fa27c8babfb1d82e1d0d6e59\">\n\t\t\t\t\t\t\t\t<img\n\t\t\t\t\ttitle=\"1. Vorlauf Ultraleicht\"\n\t\t\t\t\talt=\"1. Vorlauf Ultraleicht\"\n\t\t\t\t\tsrc=\"https:\/\/www.solarmobil.jakob-fugger-gymnasium.de\/wp-content\/gallery\/wettbewerb-2016\/cache\/6_Vorlauf_Ultraleicht_klein.JPG-nggid0264-ngg0dyn-120x90x100-00f0w010c011r110f110r010t010.JPG?t=1557920544\"\n\t\t\t\t\twidth=\"120\"\n\t\t\t\t\theight=\"90\"\n\t\t\t\t\tstyle=\"max-width:100%;\"\n\t\t\t\t\/>\n\t\t\t<\/a>\n\t\t<\/div>\n\t\t\t\t\t\t\t<\/div>\n\t\t\t\n\t\t\t\t<div id=\"ngg-image-6\" class=\"ngg-gallery-thumbnail-box\n\t\t\t\t\t\t\t\t\t\t\t\"\n\t\t\t>\n\t\t\t\t\t\t<div class=\"ngg-gallery-thumbnail\">\n\t\t<a href=\"https:\/\/www.solarmobil.jakob-fugger-gymnasium.de\/wp-content\/gallery\/wettbewerb-2016\/7_Vorlauf_Ultraleicht_2_klein.JPG?t=1557920544\"\n\t\t\ttitle=\"2. Vorlauf Ultraleicht\"\n\t\t\tdata-src=\"https:\/\/www.solarmobil.jakob-fugger-gymnasium.de\/wp-content\/gallery\/wettbewerb-2016\/7_Vorlauf_Ultraleicht_2_klein.JPG?t=1557920544\"\n\t\t\tdata-thumbnail=\"https:\/\/www.solarmobil.jakob-fugger-gymnasium.de\/wp-content\/gallery\/wettbewerb-2016\/thumbs\/thumbs_7_Vorlauf_Ultraleicht_2_klein.JPG?t=1557920544\"\n\t\t\tdata-image-id=\"65\"\n\t\t\tdata-image-name=\"7_Vorlauf_Ultraleicht_2_klein.JPG\"\n\t\t\tdata-title=\"2. Vorlauf Ultraleicht\"\n\t\t\tdata-description=\"2. Vorlauf Ultraleicht\"\n\t\t\tdata-image-slug=\"2-vorlauf-ultraleicht-3\"\n\t\t\t\t\t\t\t\t\t\t\t\t\t\t\t\t\t\t\t\tclass=\"ngg-fancybox\" rel=\"592a1519fa27c8babfb1d82e1d0d6e59\">\n\t\t\t\t\t\t\t\t<img\n\t\t\t\t\ttitle=\"2. Vorlauf Ultraleicht\"\n\t\t\t\t\talt=\"2. Vorlauf Ultraleicht\"\n\t\t\t\t\tsrc=\"https:\/\/www.solarmobil.jakob-fugger-gymnasium.de\/wp-content\/gallery\/wettbewerb-2016\/cache\/7_Vorlauf_Ultraleicht_2_klein.JPG-nggid0265-ngg0dyn-120x90x100-00f0w010c011r110f110r010t010.JPG?t=1557920544\"\n\t\t\t\t\twidth=\"120\"\n\t\t\t\t\theight=\"90\"\n\t\t\t\t\tstyle=\"max-width:100%;\"\n\t\t\t\t\/>\n\t\t\t<\/a>\n\t\t<\/div>\n\t\t\t\t\t\t\t<\/div>\n\t\t\t\n\t\t\t\t<div id=\"ngg-image-7\" class=\"ngg-gallery-thumbnail-box\n\t\t\t\t\t\t\t\t\t\t\t\"\n\t\t\t>\n\t\t\t\t\t\t<div class=\"ngg-gallery-thumbnail\">\n\t\t<a href=\"https:\/\/www.solarmobil.jakob-fugger-gymnasium.de\/wp-content\/gallery\/wettbewerb-2016\/8_Vorlauf_Ultraleicht_3_klein.jpg?t=1557920544\"\n\t\t\ttitle=\"3. Vorlauf Ultraleicht\"\n\t\t\tdata-src=\"https:\/\/www.solarmobil.jakob-fugger-gymnasium.de\/wp-content\/gallery\/wettbewerb-2016\/8_Vorlauf_Ultraleicht_3_klein.jpg?t=1557920544\"\n\t\t\tdata-thumbnail=\"https:\/\/www.solarmobil.jakob-fugger-gymnasium.de\/wp-content\/gallery\/wettbewerb-2016\/thumbs\/thumbs_8_Vorlauf_Ultraleicht_3_klein.jpg?t=1557920544\"\n\t\t\tdata-image-id=\"66\"\n\t\t\tdata-image-name=\"8_Vorlauf_Ultraleicht_3_klein.jpg\"\n\t\t\tdata-title=\"3. Vorlauf Ultraleicht\"\n\t\t\tdata-description=\"3. Vorlauf Ultraleicht\"\n\t\t\tdata-image-slug=\"8_vorlauf_ultraleicht_3_klein\"\n\t\t\t\t\t\t\t\t\t\t\t\t\t\t\t\t\t\t\t\tclass=\"ngg-fancybox\" rel=\"592a1519fa27c8babfb1d82e1d0d6e59\">\n\t\t\t\t\t\t\t\t<img\n\t\t\t\t\ttitle=\"3. Vorlauf Ultraleicht\"\n\t\t\t\t\talt=\"3. Vorlauf Ultraleicht\"\n\t\t\t\t\tsrc=\"https:\/\/www.solarmobil.jakob-fugger-gymnasium.de\/wp-content\/gallery\/wettbewerb-2016\/cache\/8_Vorlauf_Ultraleicht_3_klein.jpg-nggid0266-ngg0dyn-120x90x100-00f0w010c011r110f110r010t010.jpg?t=1557920544\"\n\t\t\t\t\twidth=\"120\"\n\t\t\t\t\theight=\"90\"\n\t\t\t\t\tstyle=\"max-width:100%;\"\n\t\t\t\t\/>\n\t\t\t<\/a>\n\t\t<\/div>\n\t\t\t\t\t\t\t<\/div>\n\t\t\t\n\t\t\t\t<div id=\"ngg-image-8\" class=\"ngg-gallery-thumbnail-box\n\t\t\t\t\t\t\t\t\t\t\t\"\n\t\t\t>\n\t\t\t\t\t\t<div class=\"ngg-gallery-thumbnail\">\n\t\t<a href=\"https:\/\/www.solarmobil.jakob-fugger-gymnasium.de\/wp-content\/gallery\/wettbewerb-2016\/9_Spannung_am_Wendepunkt_klein.JPG?t=1557920544\"\n\t\t\ttitle=\"Spannung am Wendepunkt\"\n\t\t\tdata-src=\"https:\/\/www.solarmobil.jakob-fugger-gymnasium.de\/wp-content\/gallery\/wettbewerb-2016\/9_Spannung_am_Wendepunkt_klein.JPG?t=1557920544\"\n\t\t\tdata-thumbnail=\"https:\/\/www.solarmobil.jakob-fugger-gymnasium.de\/wp-content\/gallery\/wettbewerb-2016\/thumbs\/thumbs_9_Spannung_am_Wendepunkt_klein.JPG?t=1557920544\"\n\t\t\tdata-image-id=\"67\"\n\t\t\tdata-image-name=\"9_Spannung_am_Wendepunkt_klein.JPG\"\n\t\t\tdata-title=\"Spannung am Wendepunkt\"\n\t\t\tdata-description=\"Spannung am Wendepunkt\"\n\t\t\tdata-image-slug=\"9_spannung_am_wendepunkt_klein\"\n\t\t\t\t\t\t\t\t\t\t\t\t\t\t\t\t\t\t\t\tclass=\"ngg-fancybox\" rel=\"592a1519fa27c8babfb1d82e1d0d6e59\">\n\t\t\t\t\t\t\t\t<img\n\t\t\t\t\ttitle=\"Spannung am Wendepunkt\"\n\t\t\t\t\talt=\"Spannung am Wendepunkt\"\n\t\t\t\t\tsrc=\"https:\/\/www.solarmobil.jakob-fugger-gymnasium.de\/wp-content\/gallery\/wettbewerb-2016\/cache\/9_Spannung_am_Wendepunkt_klein.JPG-nggid0267-ngg0dyn-120x90x100-00f0w010c011r110f110r010t010.JPG?t=1557920544\"\n\t\t\t\t\twidth=\"120\"\n\t\t\t\t\theight=\"90\"\n\t\t\t\t\tstyle=\"max-width:100%;\"\n\t\t\t\t\/>\n\t\t\t<\/a>\n\t\t<\/div>\n\t\t\t\t\t\t\t<\/div>\n\t\t\t\n\t\t\t\t<div id=\"ngg-image-9\" class=\"ngg-gallery-thumbnail-box\n\t\t\t\t\t\t\t\t\t\t\t\"\n\t\t\t>\n\t\t\t\t\t\t<div class=\"ngg-gallery-thumbnail\">\n\t\t<a href=\"https:\/\/www.solarmobil.jakob-fugger-gymnasium.de\/wp-content\/gallery\/wettbewerb-2016\/10_PAC_F_klein.JPG?t=1557920544\"\n\t\t\ttitle=\"PAC\"\n\t\t\tdata-src=\"https:\/\/www.solarmobil.jakob-fugger-gymnasium.de\/wp-content\/gallery\/wettbewerb-2016\/10_PAC_F_klein.JPG?t=1557920544\"\n\t\t\tdata-thumbnail=\"https:\/\/www.solarmobil.jakob-fugger-gymnasium.de\/wp-content\/gallery\/wettbewerb-2016\/thumbs\/thumbs_10_PAC_F_klein.JPG?t=1557920544\"\n\t\t\tdata-image-id=\"68\"\n\t\t\tdata-image-name=\"10_PAC_F_klein.JPG\"\n\t\t\tdata-title=\"PAC\"\n\t\t\tdata-description=\"PAC\"\n\t\t\tdata-image-slug=\"10_pac_f_klein\"\n\t\t\t\t\t\t\t\t\t\t\t\t\t\t\t\t\t\t\t\tclass=\"ngg-fancybox\" rel=\"592a1519fa27c8babfb1d82e1d0d6e59\">\n\t\t\t\t\t\t\t\t<img\n\t\t\t\t\ttitle=\"PAC\"\n\t\t\t\t\talt=\"PAC\"\n\t\t\t\t\tsrc=\"https:\/\/www.solarmobil.jakob-fugger-gymnasium.de\/wp-content\/gallery\/wettbewerb-2016\/cache\/10_PAC_F_klein.JPG-nggid0268-ngg0dyn-120x90x100-00f0w010c011r110f110r010t010.JPG?t=1557920544\"\n\t\t\t\t\twidth=\"120\"\n\t\t\t\t\theight=\"90\"\n\t\t\t\t\tstyle=\"max-width:100%;\"\n\t\t\t\t\/>\n\t\t\t<\/a>\n\t\t<\/div>\n\t\t\t\t\t\t\t<\/div>\n\t\t\t\n\t\t\t\t<div id=\"ngg-image-10\" class=\"ngg-gallery-thumbnail-box\n\t\t\t\t\t\t\t\t\t\t\t\"\n\t\t\t>\n\t\t\t\t\t\t<div class=\"ngg-gallery-thumbnail\">\n\t\t<a href=\"https:\/\/www.solarmobil.jakob-fugger-gymnasium.de\/wp-content\/gallery\/wettbewerb-2016\/11_Solartius_F_klein.JPG?t=1557920544\"\n\t\t\ttitle=\"Solartius\"\n\t\t\tdata-src=\"https:\/\/www.solarmobil.jakob-fugger-gymnasium.de\/wp-content\/gallery\/wettbewerb-2016\/11_Solartius_F_klein.JPG?t=1557920544\"\n\t\t\tdata-thumbnail=\"https:\/\/www.solarmobil.jakob-fugger-gymnasium.de\/wp-content\/gallery\/wettbewerb-2016\/thumbs\/thumbs_11_Solartius_F_klein.JPG?t=1557920544\"\n\t\t\tdata-image-id=\"69\"\n\t\t\tdata-image-name=\"11_Solartius_F_klein.JPG\"\n\t\t\tdata-title=\"Solartius\"\n\t\t\tdata-description=\"Solartius\"\n\t\t\tdata-image-slug=\"11_solartius_f_klein\"\n\t\t\t\t\t\t\t\t\t\t\t\t\t\t\t\t\t\t\t\tclass=\"ngg-fancybox\" rel=\"592a1519fa27c8babfb1d82e1d0d6e59\">\n\t\t\t\t\t\t\t\t<img\n\t\t\t\t\ttitle=\"Solartius\"\n\t\t\t\t\talt=\"Solartius\"\n\t\t\t\t\tsrc=\"https:\/\/www.solarmobil.jakob-fugger-gymnasium.de\/wp-content\/gallery\/wettbewerb-2016\/cache\/11_Solartius_F_klein.JPG-nggid0269-ngg0dyn-120x90x100-00f0w010c011r110f110r010t010.JPG?t=1557920544\"\n\t\t\t\t\twidth=\"120\"\n\t\t\t\t\theight=\"90\"\n\t\t\t\t\tstyle=\"max-width:100%;\"\n\t\t\t\t\/>\n\t\t\t<\/a>\n\t\t<\/div>\n\t\t\t\t\t\t\t<\/div>\n\t\t\t\n\t\t\t\t<div id=\"ngg-image-11\" class=\"ngg-gallery-thumbnail-box\n\t\t\t\t\t\t\t\t\t\t\t\"\n\t\t\t>\n\t\t\t\t\t\t<div class=\"ngg-gallery-thumbnail\">\n\t\t<a href=\"https:\/\/www.solarmobil.jakob-fugger-gymnasium.de\/wp-content\/gallery\/wettbewerb-2016\/12_Luxus_Recycelt_Teamfoto_klein.JPG?t=1557920544\"\n\t\t\ttitle=\"Luxus Recycelt Teamfoto\"\n\t\t\tdata-src=\"https:\/\/www.solarmobil.jakob-fugger-gymnasium.de\/wp-content\/gallery\/wettbewerb-2016\/12_Luxus_Recycelt_Teamfoto_klein.JPG?t=1557920544\"\n\t\t\tdata-thumbnail=\"https:\/\/www.solarmobil.jakob-fugger-gymnasium.de\/wp-content\/gallery\/wettbewerb-2016\/thumbs\/thumbs_12_Luxus_Recycelt_Teamfoto_klein.JPG?t=1557920544\"\n\t\t\tdata-image-id=\"70\"\n\t\t\tdata-image-name=\"12_Luxus_Recycelt_Teamfoto_klein.JPG\"\n\t\t\tdata-title=\"Luxus Recycelt Teamfoto\"\n\t\t\tdata-description=\"Luxus Recycelt Teamfoto\"\n\t\t\tdata-image-slug=\"12_luxus_recycelt_teamfoto_klein\"\n\t\t\t\t\t\t\t\t\t\t\t\t\t\t\t\t\t\t\t\tclass=\"ngg-fancybox\" rel=\"592a1519fa27c8babfb1d82e1d0d6e59\">\n\t\t\t\t\t\t\t\t<img\n\t\t\t\t\ttitle=\"Luxus Recycelt Teamfoto\"\n\t\t\t\t\talt=\"Luxus Recycelt Teamfoto\"\n\t\t\t\t\tsrc=\"https:\/\/www.solarmobil.jakob-fugger-gymnasium.de\/wp-content\/gallery\/wettbewerb-2016\/cache\/12_Luxus_Recycelt_Teamfoto_klein.JPG-nggid0270-ngg0dyn-120x90x100-00f0w010c011r110f110r010t010.JPG?t=1557920544\"\n\t\t\t\t\twidth=\"120\"\n\t\t\t\t\theight=\"90\"\n\t\t\t\t\tstyle=\"max-width:100%;\"\n\t\t\t\t\/>\n\t\t\t<\/a>\n\t\t<\/div>\n\t\t\t\t\t\t\t<\/div>\n\t\t\t\n\t\t\t\t<div id=\"ngg-image-12\" class=\"ngg-gallery-thumbnail-box\n\t\t\t\t\t\t\t\t\t\t\t\"\n\t\t\t>\n\t\t\t\t\t\t<div class=\"ngg-gallery-thumbnail\">\n\t\t<a href=\"https:\/\/www.solarmobil.jakob-fugger-gymnasium.de\/wp-content\/gallery\/wettbewerb-2016\/13_Recycling_Team_klein.JPG?t=1557920544\"\n\t\t\ttitle=\"Recycling Team\"\n\t\t\tdata-src=\"https:\/\/www.solarmobil.jakob-fugger-gymnasium.de\/wp-content\/gallery\/wettbewerb-2016\/13_Recycling_Team_klein.JPG?t=1557920544\"\n\t\t\tdata-thumbnail=\"https:\/\/www.solarmobil.jakob-fugger-gymnasium.de\/wp-content\/gallery\/wettbewerb-2016\/thumbs\/thumbs_13_Recycling_Team_klein.JPG?t=1557920544\"\n\t\t\tdata-image-id=\"71\"\n\t\t\tdata-image-name=\"13_Recycling_Team_klein.JPG\"\n\t\t\tdata-title=\"Recycling Team\"\n\t\t\tdata-description=\"Recycling Team\"\n\t\t\tdata-image-slug=\"recycling-team-3\"\n\t\t\t\t\t\t\t\t\t\t\t\t\t\t\t\t\t\t\t\tclass=\"ngg-fancybox\" rel=\"592a1519fa27c8babfb1d82e1d0d6e59\">\n\t\t\t\t\t\t\t\t<img\n\t\t\t\t\ttitle=\"Recycling Team\"\n\t\t\t\t\talt=\"Recycling Team\"\n\t\t\t\t\tsrc=\"https:\/\/www.solarmobil.jakob-fugger-gymnasium.de\/wp-content\/gallery\/wettbewerb-2016\/cache\/13_Recycling_Team_klein.JPG-nggid0271-ngg0dyn-120x90x100-00f0w010c011r110f110r010t010.JPG?t=1557920544\"\n\t\t\t\t\twidth=\"120\"\n\t\t\t\t\theight=\"90\"\n\t\t\t\t\tstyle=\"max-width:100%;\"\n\t\t\t\t\/>\n\t\t\t<\/a>\n\t\t<\/div>\n\t\t\t\t\t\t\t<\/div>\n\t\t\t\n\t\t\t\t<div id=\"ngg-image-13\" class=\"ngg-gallery-thumbnail-box\n\t\t\t\t\t\t\t\t\t\t\t\"\n\t\t\t>\n\t\t\t\t\t\t<div class=\"ngg-gallery-thumbnail\">\n\t\t<a href=\"https:\/\/www.solarmobil.jakob-fugger-gymnasium.de\/wp-content\/gallery\/wettbewerb-2016\/14_PaTuNi_Teamfoto_klein.JPG?t=1557920545\"\n\t\t\ttitle=\"PaTuNi Teamfoto\"\n\t\t\tdata-src=\"https:\/\/www.solarmobil.jakob-fugger-gymnasium.de\/wp-content\/gallery\/wettbewerb-2016\/14_PaTuNi_Teamfoto_klein.JPG?t=1557920545\"\n\t\t\tdata-thumbnail=\"https:\/\/www.solarmobil.jakob-fugger-gymnasium.de\/wp-content\/gallery\/wettbewerb-2016\/thumbs\/thumbs_14_PaTuNi_Teamfoto_klein.JPG?t=1557920545\"\n\t\t\tdata-image-id=\"72\"\n\t\t\tdata-image-name=\"14_PaTuNi_Teamfoto_klein.JPG\"\n\t\t\tdata-title=\"PaTuNi Teamfoto\"\n\t\t\tdata-description=\"PaTuNi Teamfoto\"\n\t\t\tdata-image-slug=\"patuni-teamfoto-3\"\n\t\t\t\t\t\t\t\t\t\t\t\t\t\t\t\t\t\t\t\tclass=\"ngg-fancybox\" rel=\"592a1519fa27c8babfb1d82e1d0d6e59\">\n\t\t\t\t\t\t\t\t<img\n\t\t\t\t\ttitle=\"PaTuNi Teamfoto\"\n\t\t\t\t\talt=\"PaTuNi Teamfoto\"\n\t\t\t\t\tsrc=\"https:\/\/www.solarmobil.jakob-fugger-gymnasium.de\/wp-content\/gallery\/wettbewerb-2016\/cache\/14_PaTuNi_Teamfoto_klein.JPG-nggid0272-ngg0dyn-120x90x100-00f0w010c011r110f110r010t010.JPG?t=1557920545\"\n\t\t\t\t\twidth=\"120\"\n\t\t\t\t\theight=\"90\"\n\t\t\t\t\tstyle=\"max-width:100%;\"\n\t\t\t\t\/>\n\t\t\t<\/a>\n\t\t<\/div>\n\t\t\t\t\t\t\t<\/div>\n\t\t\t\n\t\t\t\t<div id=\"ngg-image-14\" class=\"ngg-gallery-thumbnail-box\n\t\t\t\t\t\t\t\t\t\t\t\"\n\t\t\t>\n\t\t\t\t\t\t<div class=\"ngg-gallery-thumbnail\">\n\t\t<a href=\"https:\/\/www.solarmobil.jakob-fugger-gymnasium.de\/wp-content\/gallery\/wettbewerb-2016\/15_Solar_Racer_Teamfoto_klein.JPG?t=1557920545\"\n\t\t\ttitle=\"Solar Racer Teamfoto\"\n\t\t\tdata-src=\"https:\/\/www.solarmobil.jakob-fugger-gymnasium.de\/wp-content\/gallery\/wettbewerb-2016\/15_Solar_Racer_Teamfoto_klein.JPG?t=1557920545\"\n\t\t\tdata-thumbnail=\"https:\/\/www.solarmobil.jakob-fugger-gymnasium.de\/wp-content\/gallery\/wettbewerb-2016\/thumbs\/thumbs_15_Solar_Racer_Teamfoto_klein.JPG?t=1557920545\"\n\t\t\tdata-image-id=\"73\"\n\t\t\tdata-image-name=\"15_Solar_Racer_Teamfoto_klein.JPG\"\n\t\t\tdata-title=\"Solar Racer Teamfoto\"\n\t\t\tdata-description=\"Solar Racer Teamfoto\"\n\t\t\tdata-image-slug=\"15_solar_racer_teamfoto_klein\"\n\t\t\t\t\t\t\t\t\t\t\t\t\t\t\t\t\t\t\t\tclass=\"ngg-fancybox\" rel=\"592a1519fa27c8babfb1d82e1d0d6e59\">\n\t\t\t\t\t\t\t\t<img\n\t\t\t\t\ttitle=\"Solar Racer Teamfoto\"\n\t\t\t\t\talt=\"Solar Racer Teamfoto\"\n\t\t\t\t\tsrc=\"https:\/\/www.solarmobil.jakob-fugger-gymnasium.de\/wp-content\/gallery\/wettbewerb-2016\/cache\/15_Solar_Racer_Teamfoto_klein.JPG-nggid0273-ngg0dyn-120x90x100-00f0w010c011r110f110r010t010.JPG?t=1557920545\"\n\t\t\t\t\twidth=\"120\"\n\t\t\t\t\theight=\"90\"\n\t\t\t\t\tstyle=\"max-width:100%;\"\n\t\t\t\t\/>\n\t\t\t<\/a>\n\t\t<\/div>\n\t\t\t\t\t\t\t<\/div>\n\t\t\t\n\t\t\t\t<div id=\"ngg-image-15\" class=\"ngg-gallery-thumbnail-box\n\t\t\t\t\t\t\t\t\t\t\t\"\n\t\t\t>\n\t\t\t\t\t\t<div class=\"ngg-gallery-thumbnail\">\n\t\t<a href=\"https:\/\/www.solarmobil.jakob-fugger-gymnasium.de\/wp-content\/gallery\/wettbewerb-2016\/16_letzte_Optimierungen_klein.JPG?t=1557920545\"\n\t\t\ttitle=\"letzte Optimierungen\"\n\t\t\tdata-src=\"https:\/\/www.solarmobil.jakob-fugger-gymnasium.de\/wp-content\/gallery\/wettbewerb-2016\/16_letzte_Optimierungen_klein.JPG?t=1557920545\"\n\t\t\tdata-thumbnail=\"https:\/\/www.solarmobil.jakob-fugger-gymnasium.de\/wp-content\/gallery\/wettbewerb-2016\/thumbs\/thumbs_16_letzte_Optimierungen_klein.JPG?t=1557920545\"\n\t\t\tdata-image-id=\"74\"\n\t\t\tdata-image-name=\"16_letzte_Optimierungen_klein.JPG\"\n\t\t\tdata-title=\"letzte Optimierungen\"\n\t\t\tdata-description=\"letzte Optimierungen\"\n\t\t\tdata-image-slug=\"16_letzte_optimierungen_klein\"\n\t\t\t\t\t\t\t\t\t\t\t\t\t\t\t\t\t\t\t\tclass=\"ngg-fancybox\" rel=\"592a1519fa27c8babfb1d82e1d0d6e59\">\n\t\t\t\t\t\t\t\t<img\n\t\t\t\t\ttitle=\"letzte Optimierungen\"\n\t\t\t\t\talt=\"letzte Optimierungen\"\n\t\t\t\t\tsrc=\"https:\/\/www.solarmobil.jakob-fugger-gymnasium.de\/wp-content\/gallery\/wettbewerb-2016\/cache\/16_letzte_Optimierungen_klein.JPG-nggid0274-ngg0dyn-120x90x100-00f0w010c011r110f110r010t010.JPG?t=1557920545\"\n\t\t\t\t\twidth=\"120\"\n\t\t\t\t\theight=\"90\"\n\t\t\t\t\tstyle=\"max-width:100%;\"\n\t\t\t\t\/>\n\t\t\t<\/a>\n\t\t<\/div>\n\t\t\t\t\t\t\t<\/div>\n\t\t\t\n\t\t\t\t<div id=\"ngg-image-16\" class=\"ngg-gallery-thumbnail-box\n\t\t\t\t\t\t\t\t\t\t\t\"\n\t\t\t>\n\t\t\t\t\t\t<div class=\"ngg-gallery-thumbnail\">\n\t\t<a href=\"https:\/\/www.solarmobil.jakob-fugger-gymnasium.de\/wp-content\/gallery\/wettbewerb-2016\/17_Superstars_Kreativfahrt_klein.JPG?t=1557920545\"\n\t\t\ttitle=\"Vorbereitungen Kreativfahrt Superstars\"\n\t\t\tdata-src=\"https:\/\/www.solarmobil.jakob-fugger-gymnasium.de\/wp-content\/gallery\/wettbewerb-2016\/17_Superstars_Kreativfahrt_klein.JPG?t=1557920545\"\n\t\t\tdata-thumbnail=\"https:\/\/www.solarmobil.jakob-fugger-gymnasium.de\/wp-content\/gallery\/wettbewerb-2016\/thumbs\/thumbs_17_Superstars_Kreativfahrt_klein.JPG?t=1557920545\"\n\t\t\tdata-image-id=\"75\"\n\t\t\tdata-image-name=\"17_Superstars_Kreativfahrt_klein.JPG\"\n\t\t\tdata-title=\"Vorbereitungen Kreativfahrt Superstars\"\n\t\t\tdata-description=\"Vorbereitungen Kreativfahrt Superstars\"\n\t\t\tdata-image-slug=\"17_superstars_kreativfahrt_klein\"\n\t\t\t\t\t\t\t\t\t\t\t\t\t\t\t\t\t\t\t\tclass=\"ngg-fancybox\" rel=\"592a1519fa27c8babfb1d82e1d0d6e59\">\n\t\t\t\t\t\t\t\t<img\n\t\t\t\t\ttitle=\"Vorbereitungen Kreativfahrt Superstars\"\n\t\t\t\t\talt=\"Vorbereitungen Kreativfahrt Superstars\"\n\t\t\t\t\tsrc=\"https:\/\/www.solarmobil.jakob-fugger-gymnasium.de\/wp-content\/gallery\/wettbewerb-2016\/cache\/17_Superstars_Kreativfahrt_klein.JPG-nggid0275-ngg0dyn-120x90x100-00f0w010c011r110f110r010t010.JPG?t=1557920545\"\n\t\t\t\t\twidth=\"120\"\n\t\t\t\t\theight=\"90\"\n\t\t\t\t\tstyle=\"max-width:100%;\"\n\t\t\t\t\/>\n\t\t\t<\/a>\n\t\t<\/div>\n\t\t\t\t\t\t\t<\/div>\n\t\t\t\n\t\t\t\t<div id=\"ngg-image-17\" class=\"ngg-gallery-thumbnail-box\n\t\t\t\t\t\t\t\t\t\t\t\"\n\t\t\t>\n\t\t\t\t\t\t<div class=\"ngg-gallery-thumbnail\">\n\t\t<a href=\"https:\/\/www.solarmobil.jakob-fugger-gymnasium.de\/wp-content\/gallery\/wettbewerb-2016\/18_Superstars_Kreativfahrt_klein.JPG?t=1557920545\"\n\t\t\ttitle=\"Superstars Kreativfahrt\"\n\t\t\tdata-src=\"https:\/\/www.solarmobil.jakob-fugger-gymnasium.de\/wp-content\/gallery\/wettbewerb-2016\/18_Superstars_Kreativfahrt_klein.JPG?t=1557920545\"\n\t\t\tdata-thumbnail=\"https:\/\/www.solarmobil.jakob-fugger-gymnasium.de\/wp-content\/gallery\/wettbewerb-2016\/thumbs\/thumbs_18_Superstars_Kreativfahrt_klein.JPG?t=1557920545\"\n\t\t\tdata-image-id=\"76\"\n\t\t\tdata-image-name=\"18_Superstars_Kreativfahrt_klein.JPG\"\n\t\t\tdata-title=\"Superstars Kreativfahrt\"\n\t\t\tdata-description=\"Superstars Kreativfahrt\"\n\t\t\tdata-image-slug=\"18_superstars_kreativfahrt_klein\"\n\t\t\t\t\t\t\t\t\t\t\t\t\t\t\t\t\t\t\t\tclass=\"ngg-fancybox\" rel=\"592a1519fa27c8babfb1d82e1d0d6e59\">\n\t\t\t\t\t\t\t\t<img\n\t\t\t\t\ttitle=\"Superstars Kreativfahrt\"\n\t\t\t\t\talt=\"Superstars Kreativfahrt\"\n\t\t\t\t\tsrc=\"https:\/\/www.solarmobil.jakob-fugger-gymnasium.de\/wp-content\/gallery\/wettbewerb-2016\/cache\/18_Superstars_Kreativfahrt_klein.JPG-nggid0276-ngg0dyn-120x90x100-00f0w010c011r110f110r010t010.JPG?t=1557920545\"\n\t\t\t\t\twidth=\"120\"\n\t\t\t\t\theight=\"90\"\n\t\t\t\t\tstyle=\"max-width:100%;\"\n\t\t\t\t\/>\n\t\t\t<\/a>\n\t\t<\/div>\n\t\t\t\t\t\t\t<\/div>\n\t\t\t\n\t\t\t\t<div id=\"ngg-image-18\" class=\"ngg-gallery-thumbnail-box\n\t\t\t\t\t\t\t\t\t\t\t\"\n\t\t\t>\n\t\t\t\t\t\t<div class=\"ngg-gallery-thumbnail\">\n\t\t<a href=\"https:\/\/www.solarmobil.jakob-fugger-gymnasium.de\/wp-content\/gallery\/wettbewerb-2016\/20_Startvorbereitungen_Finallauf_klein.JPG?t=1557920545\"\n\t\t\ttitle=\"Startvorbereitungen Finallauf\"\n\t\t\tdata-src=\"https:\/\/www.solarmobil.jakob-fugger-gymnasium.de\/wp-content\/gallery\/wettbewerb-2016\/20_Startvorbereitungen_Finallauf_klein.JPG?t=1557920545\"\n\t\t\tdata-thumbnail=\"https:\/\/www.solarmobil.jakob-fugger-gymnasium.de\/wp-content\/gallery\/wettbewerb-2016\/thumbs\/thumbs_20_Startvorbereitungen_Finallauf_klein.JPG?t=1557920545\"\n\t\t\tdata-image-id=\"77\"\n\t\t\tdata-image-name=\"20_Startvorbereitungen_Finallauf_klein.JPG\"\n\t\t\tdata-title=\"Startvorbereitungen Finallauf\"\n\t\t\tdata-description=\"Startvorbereitungen Finallauf\"\n\t\t\tdata-image-slug=\"20_startvorbereitungen_finallauf_klein\"\n\t\t\t\t\t\t\t\t\t\t\t\t\t\t\t\t\t\t\t\tclass=\"ngg-fancybox\" rel=\"592a1519fa27c8babfb1d82e1d0d6e59\">\n\t\t\t\t\t\t\t\t<img\n\t\t\t\t\ttitle=\"Startvorbereitungen Finallauf\"\n\t\t\t\t\talt=\"Startvorbereitungen Finallauf\"\n\t\t\t\t\tsrc=\"https:\/\/www.solarmobil.jakob-fugger-gymnasium.de\/wp-content\/gallery\/wettbewerb-2016\/cache\/20_Startvorbereitungen_Finallauf_klein.JPG-nggid0277-ngg0dyn-120x90x100-00f0w010c011r110f110r010t010.JPG?t=1557920545\"\n\t\t\t\t\twidth=\"120\"\n\t\t\t\t\theight=\"90\"\n\t\t\t\t\tstyle=\"max-width:100%;\"\n\t\t\t\t\/>\n\t\t\t<\/a>\n\t\t<\/div>\n\t\t\t\t\t\t\t<\/div>\n\t\t\t\n\t\t\t\t<div id=\"ngg-image-19\" class=\"ngg-gallery-thumbnail-box\n\t\t\t\t\t\t\t\t\t\t\t\"\n\t\t\t>\n\t\t\t\t\t\t<div class=\"ngg-gallery-thumbnail\">\n\t\t<a href=\"https:\/\/www.solarmobil.jakob-fugger-gymnasium.de\/wp-content\/gallery\/wettbewerb-2016\/21_Fotofinish_klein.JPG?t=1557920545\"\n\t\t\ttitle=\"Fotofinish\"\n\t\t\tdata-src=\"https:\/\/www.solarmobil.jakob-fugger-gymnasium.de\/wp-content\/gallery\/wettbewerb-2016\/21_Fotofinish_klein.JPG?t=1557920545\"\n\t\t\tdata-thumbnail=\"https:\/\/www.solarmobil.jakob-fugger-gymnasium.de\/wp-content\/gallery\/wettbewerb-2016\/thumbs\/thumbs_21_Fotofinish_klein.JPG?t=1557920545\"\n\t\t\tdata-image-id=\"78\"\n\t\t\tdata-image-name=\"21_Fotofinish_klein.JPG\"\n\t\t\tdata-title=\"Fotofinish\"\n\t\t\tdata-description=\"Fotofinish\"\n\t\t\tdata-image-slug=\"21_fotofinish_klein\"\n\t\t\t\t\t\t\t\t\t\t\t\t\t\t\t\t\t\t\t\tclass=\"ngg-fancybox\" rel=\"592a1519fa27c8babfb1d82e1d0d6e59\">\n\t\t\t\t\t\t\t\t<img\n\t\t\t\t\ttitle=\"Fotofinish\"\n\t\t\t\t\talt=\"Fotofinish\"\n\t\t\t\t\tsrc=\"https:\/\/www.solarmobil.jakob-fugger-gymnasium.de\/wp-content\/gallery\/wettbewerb-2016\/cache\/21_Fotofinish_klein.JPG-nggid0278-ngg0dyn-120x90x100-00f0w010c011r110f110r010t010.JPG?t=1557920545\"\n\t\t\t\t\twidth=\"120\"\n\t\t\t\t\theight=\"90\"\n\t\t\t\t\tstyle=\"max-width:100%;\"\n\t\t\t\t\/>\n\t\t\t<\/a>\n\t\t<\/div>\n\t\t\t\t\t\t\t<\/div>\n\t\t\t\n\t\t\t\t<div id=\"ngg-image-20\" class=\"ngg-gallery-thumbnail-box\n\t\t\t\t\t\t\t\t\t\t\t\"\n\t\t\t>\n\t\t\t\t\t\t<div class=\"ngg-gallery-thumbnail\">\n\t\t<a href=\"https:\/\/www.solarmobil.jakob-fugger-gymnasium.de\/wp-content\/gallery\/wettbewerb-2016\/30_Siegerehrung_Jurylob_klein.JPG?t=1557920545\"\n\t\t\ttitle=\"Lob der Jury vor der Siegerehrung\"\n\t\t\tdata-src=\"https:\/\/www.solarmobil.jakob-fugger-gymnasium.de\/wp-content\/gallery\/wettbewerb-2016\/30_Siegerehrung_Jurylob_klein.JPG?t=1557920545\"\n\t\t\tdata-thumbnail=\"https:\/\/www.solarmobil.jakob-fugger-gymnasium.de\/wp-content\/gallery\/wettbewerb-2016\/thumbs\/thumbs_30_Siegerehrung_Jurylob_klein.JPG?t=1557920545\"\n\t\t\tdata-image-id=\"79\"\n\t\t\tdata-image-name=\"30_Siegerehrung_Jurylob_klein.JPG\"\n\t\t\tdata-title=\"Lob der Jury vor der Siegerehrung\"\n\t\t\tdata-description=\"Lob der Jury vor der Siegerehrung\"\n\t\t\tdata-image-slug=\"30_siegerehrung_jurylob_klein\"\n\t\t\t\t\t\t\t\t\t\t\t\t\t\t\t\t\t\t\t\tclass=\"ngg-fancybox\" rel=\"592a1519fa27c8babfb1d82e1d0d6e59\">\n\t\t\t\t\t\t\t\t<img\n\t\t\t\t\ttitle=\"Lob der Jury vor der Siegerehrung\"\n\t\t\t\t\talt=\"Lob der Jury vor der Siegerehrung\"\n\t\t\t\t\tsrc=\"https:\/\/www.solarmobil.jakob-fugger-gymnasium.de\/wp-content\/gallery\/wettbewerb-2016\/cache\/30_Siegerehrung_Jurylob_klein.JPG-nggid0279-ngg0dyn-120x90x100-00f0w010c011r110f110r010t010.JPG?t=1557920545\"\n\t\t\t\t\twidth=\"120\"\n\t\t\t\t\theight=\"90\"\n\t\t\t\t\tstyle=\"max-width:100%;\"\n\t\t\t\t\/>\n\t\t\t<\/a>\n\t\t<\/div>\n\t\t\t\t\t\t\t<\/div>\n\t\t\t\n\t\t\t\t<div id=\"ngg-image-21\" class=\"ngg-gallery-thumbnail-box\n\t\t\t\t\t\t\t\t\t\t\t\"\n\t\t\t>\n\t\t\t\t\t\t<div class=\"ngg-gallery-thumbnail\">\n\t\t<a href=\"https:\/\/www.solarmobil.jakob-fugger-gymnasium.de\/wp-content\/gallery\/wettbewerb-2016\/32_Marsmobil_Siegerehrung_klein.JPG?t=1557920545\"\n\t\t\ttitle=\"Marsmobil Siegerehrung\"\n\t\t\tdata-src=\"https:\/\/www.solarmobil.jakob-fugger-gymnasium.de\/wp-content\/gallery\/wettbewerb-2016\/32_Marsmobil_Siegerehrung_klein.JPG?t=1557920545\"\n\t\t\tdata-thumbnail=\"https:\/\/www.solarmobil.jakob-fugger-gymnasium.de\/wp-content\/gallery\/wettbewerb-2016\/thumbs\/thumbs_32_Marsmobil_Siegerehrung_klein.JPG?t=1557920545\"\n\t\t\tdata-image-id=\"80\"\n\t\t\tdata-image-name=\"32_Marsmobil_Siegerehrung_klein.JPG\"\n\t\t\tdata-title=\"Marsmobil Siegerehrung\"\n\t\t\tdata-description=\"Marsmobil Siegerehrung\"\n\t\t\tdata-image-slug=\"32_marsmobil_siegerehrung_klein\"\n\t\t\t\t\t\t\t\t\t\t\t\t\t\t\t\t\t\t\t\tclass=\"ngg-fancybox\" rel=\"592a1519fa27c8babfb1d82e1d0d6e59\">\n\t\t\t\t\t\t\t\t<img\n\t\t\t\t\ttitle=\"Marsmobil Siegerehrung\"\n\t\t\t\t\talt=\"Marsmobil Siegerehrung\"\n\t\t\t\t\tsrc=\"https:\/\/www.solarmobil.jakob-fugger-gymnasium.de\/wp-content\/gallery\/wettbewerb-2016\/cache\/32_Marsmobil_Siegerehrung_klein.JPG-nggid0280-ngg0dyn-120x90x100-00f0w010c011r110f110r010t010.JPG?t=1557920545\"\n\t\t\t\t\twidth=\"120\"\n\t\t\t\t\theight=\"90\"\n\t\t\t\t\tstyle=\"max-width:100%;\"\n\t\t\t\t\/>\n\t\t\t<\/a>\n\t\t<\/div>\n\t\t\t\t\t\t\t<\/div>\n\t\t\t\n\t\t\t\t<div id=\"ngg-image-22\" class=\"ngg-gallery-thumbnail-box\n\t\t\t\t\t\t\t\t\t\t\t\"\n\t\t\t>\n\t\t\t\t\t\t<div class=\"ngg-gallery-thumbnail\">\n\t\t<a href=\"https:\/\/www.solarmobil.jakob-fugger-gymnasium.de\/wp-content\/gallery\/wettbewerb-2016\/33_Recycling_Team_klein.JPG?t=1557920545\"\n\t\t\ttitle=\"Recycling Team\"\n\t\t\tdata-src=\"https:\/\/www.solarmobil.jakob-fugger-gymnasium.de\/wp-content\/gallery\/wettbewerb-2016\/33_Recycling_Team_klein.JPG?t=1557920545\"\n\t\t\tdata-thumbnail=\"https:\/\/www.solarmobil.jakob-fugger-gymnasium.de\/wp-content\/gallery\/wettbewerb-2016\/thumbs\/thumbs_33_Recycling_Team_klein.JPG?t=1557920545\"\n\t\t\tdata-image-id=\"81\"\n\t\t\tdata-image-name=\"33_Recycling_Team_klein.JPG\"\n\t\t\tdata-title=\"Recycling Team\"\n\t\t\tdata-description=\"Recycling Team\"\n\t\t\tdata-image-slug=\"33_recycling_team_klein\"\n\t\t\t\t\t\t\t\t\t\t\t\t\t\t\t\t\t\t\t\tclass=\"ngg-fancybox\" rel=\"592a1519fa27c8babfb1d82e1d0d6e59\">\n\t\t\t\t\t\t\t\t<img\n\t\t\t\t\ttitle=\"Recycling Team\"\n\t\t\t\t\talt=\"Recycling Team\"\n\t\t\t\t\tsrc=\"https:\/\/www.solarmobil.jakob-fugger-gymnasium.de\/wp-content\/gallery\/wettbewerb-2016\/cache\/33_Recycling_Team_klein.JPG-nggid0281-ngg0dyn-120x90x100-00f0w010c011r110f110r010t010.JPG?t=1557920545\"\n\t\t\t\t\twidth=\"120\"\n\t\t\t\t\theight=\"90\"\n\t\t\t\t\tstyle=\"max-width:100%;\"\n\t\t\t\t\/>\n\t\t\t<\/a>\n\t\t<\/div>\n\t\t\t\t\t\t\t<\/div>\n\t\t\t\n\t\t\t\t<div id=\"ngg-image-23\" class=\"ngg-gallery-thumbnail-box\n\t\t\t\t\t\t\t\t\t\t\t\"\n\t\t\t>\n\t\t\t\t\t\t<div class=\"ngg-gallery-thumbnail\">\n\t\t<a href=\"https:\/\/www.solarmobil.jakob-fugger-gymnasium.de\/wp-content\/gallery\/wettbewerb-2016\/34_BaLuNo_Siegerehrung_klein.JPG?t=1557920545\"\n\t\t\ttitle=\"BaLuNo Siegerehrung\"\n\t\t\tdata-src=\"https:\/\/www.solarmobil.jakob-fugger-gymnasium.de\/wp-content\/gallery\/wettbewerb-2016\/34_BaLuNo_Siegerehrung_klein.JPG?t=1557920545\"\n\t\t\tdata-thumbnail=\"https:\/\/www.solarmobil.jakob-fugger-gymnasium.de\/wp-content\/gallery\/wettbewerb-2016\/thumbs\/thumbs_34_BaLuNo_Siegerehrung_klein.JPG?t=1557920545\"\n\t\t\tdata-image-id=\"82\"\n\t\t\tdata-image-name=\"34_BaLuNo_Siegerehrung_klein.JPG\"\n\t\t\tdata-title=\"BaLuNo Siegerehrung\"\n\t\t\tdata-description=\"BaLuNo Siegerehrung\"\n\t\t\tdata-image-slug=\"baluno-siegerehrung-3\"\n\t\t\t\t\t\t\t\t\t\t\t\t\t\t\t\t\t\t\t\tclass=\"ngg-fancybox\" rel=\"592a1519fa27c8babfb1d82e1d0d6e59\">\n\t\t\t\t\t\t\t\t<img\n\t\t\t\t\ttitle=\"BaLuNo Siegerehrung\"\n\t\t\t\t\talt=\"BaLuNo Siegerehrung\"\n\t\t\t\t\tsrc=\"https:\/\/www.solarmobil.jakob-fugger-gymnasium.de\/wp-content\/gallery\/wettbewerb-2016\/cache\/34_BaLuNo_Siegerehrung_klein.JPG-nggid0282-ngg0dyn-120x90x100-00f0w010c011r110f110r010t010.JPG?t=1557920545\"\n\t\t\t\t\twidth=\"120\"\n\t\t\t\t\theight=\"90\"\n\t\t\t\t\tstyle=\"max-width:100%;\"\n\t\t\t\t\/>\n\t\t\t<\/a>\n\t\t<\/div>\n\t\t\t\t\t\t\t<\/div>\n\t\t\t\n\t\t\t\t<div id=\"ngg-image-24\" class=\"ngg-gallery-thumbnail-box\n\t\t\t\t\t\t\t\t\t\t\t\"\n\t\t\t>\n\t\t\t\t\t\t<div class=\"ngg-gallery-thumbnail\">\n\t\t<a href=\"https:\/\/www.solarmobil.jakob-fugger-gymnasium.de\/wp-content\/gallery\/wettbewerb-2016\/35_Stiftung_Wagentest_Siegerehrung_klein.JPG?t=1557920545\"\n\t\t\ttitle=\"Stiftung Wagentest Siegerehrung\"\n\t\t\tdata-src=\"https:\/\/www.solarmobil.jakob-fugger-gymnasium.de\/wp-content\/gallery\/wettbewerb-2016\/35_Stiftung_Wagentest_Siegerehrung_klein.JPG?t=1557920545\"\n\t\t\tdata-thumbnail=\"https:\/\/www.solarmobil.jakob-fugger-gymnasium.de\/wp-content\/gallery\/wettbewerb-2016\/thumbs\/thumbs_35_Stiftung_Wagentest_Siegerehrung_klein.JPG?t=1557920545\"\n\t\t\tdata-image-id=\"83\"\n\t\t\tdata-image-name=\"35_Stiftung_Wagentest_Siegerehrung_klein.JPG\"\n\t\t\tdata-title=\"Stiftung Wagentest Siegerehrung\"\n\t\t\tdata-description=\"Stiftung Wagentest Siegerehrung\"\n\t\t\tdata-image-slug=\"stiftung-wagentest-siegerehrung-3\"\n\t\t\t\t\t\t\t\t\t\t\t\t\t\t\t\t\t\t\t\tclass=\"ngg-fancybox\" rel=\"592a1519fa27c8babfb1d82e1d0d6e59\">\n\t\t\t\t\t\t\t\t<img\n\t\t\t\t\ttitle=\"Stiftung Wagentest Siegerehrung\"\n\t\t\t\t\talt=\"Stiftung Wagentest Siegerehrung\"\n\t\t\t\t\tsrc=\"https:\/\/www.solarmobil.jakob-fugger-gymnasium.de\/wp-content\/gallery\/wettbewerb-2016\/cache\/35_Stiftung_Wagentest_Siegerehrung_klein.JPG-nggid0283-ngg0dyn-120x90x100-00f0w010c011r110f110r010t010.JPG?t=1557920545\"\n\t\t\t\t\twidth=\"120\"\n\t\t\t\t\theight=\"90\"\n\t\t\t\t\tstyle=\"max-width:100%;\"\n\t\t\t\t\/>\n\t\t\t<\/a>\n\t\t<\/div>\n\t\t\t\t\t\t\t<\/div>\n\t\t\t\n\t\t\t\t<div id=\"ngg-image-25\" class=\"ngg-gallery-thumbnail-box\n\t\t\t\t\t\t\t\t\t\t\t\"\n\t\t\t>\n\t\t\t\t\t\t<div class=\"ngg-gallery-thumbnail\">\n\t\t<a href=\"https:\/\/www.solarmobil.jakob-fugger-gymnasium.de\/wp-content\/gallery\/wettbewerb-2016\/36_Superstars_Newcomerpreis_klein.JPG?t=1557920545\"\n\t\t\ttitle=\"Superstars Newcomerpreis\"\n\t\t\tdata-src=\"https:\/\/www.solarmobil.jakob-fugger-gymnasium.de\/wp-content\/gallery\/wettbewerb-2016\/36_Superstars_Newcomerpreis_klein.JPG?t=1557920545\"\n\t\t\tdata-thumbnail=\"https:\/\/www.solarmobil.jakob-fugger-gymnasium.de\/wp-content\/gallery\/wettbewerb-2016\/thumbs\/thumbs_36_Superstars_Newcomerpreis_klein.JPG?t=1557920545\"\n\t\t\tdata-image-id=\"84\"\n\t\t\tdata-image-name=\"36_Superstars_Newcomerpreis_klein.JPG\"\n\t\t\tdata-title=\"Superstars Newcomerpreis\"\n\t\t\tdata-description=\"Superstars Newcomerpreis\"\n\t\t\tdata-image-slug=\"36_superstars_newcomerpreis_klein\"\n\t\t\t\t\t\t\t\t\t\t\t\t\t\t\t\t\t\t\t\tclass=\"ngg-fancybox\" rel=\"592a1519fa27c8babfb1d82e1d0d6e59\">\n\t\t\t\t\t\t\t\t<img\n\t\t\t\t\ttitle=\"Superstars Newcomerpreis\"\n\t\t\t\t\talt=\"Superstars Newcomerpreis\"\n\t\t\t\t\tsrc=\"https:\/\/www.solarmobil.jakob-fugger-gymnasium.de\/wp-content\/gallery\/wettbewerb-2016\/cache\/36_Superstars_Newcomerpreis_klein.JPG-nggid0284-ngg0dyn-120x90x100-00f0w010c011r110f110r010t010.JPG?t=1557920545\"\n\t\t\t\t\twidth=\"120\"\n\t\t\t\t\theight=\"90\"\n\t\t\t\t\tstyle=\"max-width:100%;\"\n\t\t\t\t\/>\n\t\t\t<\/a>\n\t\t<\/div>\n\t\t\t\t\t\t\t<\/div>\n\t\t\t\n\t\n\t<br style=\"clear: both\" \/>\n\n\t\t<div class=\"slideshowlink\">\n\t\t<a href='https:\/\/www.solarmobil.jakob-fugger-gymnasium.de\/index.php\/nggallery\/slideshow?p=696'>[Start Diashow]<\/a>\n\n\t<\/div>\n\t\n\t\t<!-- Pagination -->\n\t\t<div class='ngg-clear'><\/div>\t<\/div>\n<\/p>\n","protected":false},"excerpt":{"rendered":"<p>Der SolarMobil-Wettbewerb Bayern 2016 war wieder ein voller Erfolg. Die ersten Bilder sind schon online und der ausf\u00fchrliche Bericht und weitere Bilder folgen in den n\u00e4chsten Tagen&#8230; [Start Diashow]<\/p>\n","protected":false},"author":4,"featured_media":0,"comment_status":"closed","ping_status":"closed","sticky":false,"template":"","format":"standard","meta":{"ngg_post_thumbnail":0},"categories":[1],"tags":[],"yoast_head":"<!-- This site is optimized with the Yoast SEO plugin v18.4.1 - https:\/\/yoast.com\/wordpress\/plugins\/seo\/ -->\n<title>Bilder vom Wettbewerbstag 2016 - SolarMobil Bayern<\/title>\n<meta name=\"robots\" content=\"index, follow, max-snippet:-1, max-image-preview:large, max-video-preview:-1\" \/>\n<link rel=\"canonical\" href=\"https:\/\/www.solarmobil.jakob-fugger-gymnasium.de\/?p=696\" \/>\n<meta property=\"og:locale\" content=\"de_DE\" \/>\n<meta property=\"og:type\" content=\"article\" \/>\n<meta property=\"og:title\" content=\"Bilder vom Wettbewerbstag 2016 - SolarMobil Bayern\" \/>\n<meta property=\"og:description\" content=\"Der SolarMobil-Wettbewerb Bayern 2016 war wieder ein voller Erfolg. Die ersten Bilder sind schon online und der ausf\u00fchrliche Bericht und weitere Bilder folgen in den n\u00e4chsten Tagen&#8230; [Start Diashow]\" \/>\n<meta property=\"og:url\" content=\"https:\/\/www.solarmobil.jakob-fugger-gymnasium.de\/?p=696\" \/>\n<meta property=\"og:site_name\" content=\"SolarMobil Bayern\" \/>\n<meta property=\"article:published_time\" content=\"2016-06-25T19:44:13+00:00\" \/>\n<meta property=\"article:modified_time\" content=\"2016-06-25T19:58:32+00:00\" \/>\n<meta property=\"og:image\" content=\"https:\/\/www.solarmobil.jakob-fugger-gymnasium.de\/index.php\/nextgen-attach_to_post\/preview\/id--697\" \/>\n<meta name=\"twitter:card\" content=\"summary_large_image\" \/>\n<meta name=\"twitter:label1\" content=\"Verfasst von\" \/>\n\t<meta name=\"twitter:data1\" content=\"J\u00f6rg Haas\" \/>\n<script type=\"application\/ld+json\" class=\"yoast-schema-graph\">{\"@context\":\"https:\/\/schema.org\",\"@graph\":[{\"@type\":\"Organization\",\"@id\":\"https:\/\/www.solarmobil.jakob-fugger-gymnasium.de\/#organization\",\"name\":\"SolarMobil Bayern\",\"url\":\"https:\/\/www.solarmobil.jakob-fugger-gymnasium.de\/\",\"sameAs\":[],\"logo\":{\"@type\":\"ImageObject\",\"@id\":\"https:\/\/www.solarmobil.jakob-fugger-gymnasium.de\/#logo\",\"inLanguage\":\"de\",\"url\":\"https:\/\/www.solarmobil.jakob-fugger-gymnasium.de\/wp-content\/uploads\/2020\/12\/Solarmobil-Bayern.png\",\"contentUrl\":\"https:\/\/www.solarmobil.jakob-fugger-gymnasium.de\/wp-content\/uploads\/2020\/12\/Solarmobil-Bayern.png\",\"width\":563,\"height\":434,\"caption\":\"SolarMobil Bayern\"},\"image\":{\"@id\":\"https:\/\/www.solarmobil.jakob-fugger-gymnasium.de\/#logo\"}},{\"@type\":\"WebSite\",\"@id\":\"https:\/\/www.solarmobil.jakob-fugger-gymnasium.de\/#website\",\"url\":\"https:\/\/www.solarmobil.jakob-fugger-gymnasium.de\/\",\"name\":\"SolarMobil Bayern\",\"description\":\"Jakob-Fugger-Gymnasium\",\"publisher\":{\"@id\":\"https:\/\/www.solarmobil.jakob-fugger-gymnasium.de\/#organization\"},\"potentialAction\":[{\"@type\":\"SearchAction\",\"target\":{\"@type\":\"EntryPoint\",\"urlTemplate\":\"https:\/\/www.solarmobil.jakob-fugger-gymnasium.de\/?s={search_term_string}\"},\"query-input\":\"required name=search_term_string\"}],\"inLanguage\":\"de\"},{\"@type\":\"ImageObject\",\"@id\":\"https:\/\/www.solarmobil.jakob-fugger-gymnasium.de\/?p=696#primaryimage\",\"inLanguage\":\"de\",\"url\":\"https:\/\/www.solarmobil.jakob-fugger-gymnasium.de\/index.php\/nextgen-attach_to_post\/preview\/id--697\",\"contentUrl\":\"https:\/\/www.solarmobil.jakob-fugger-gymnasium.de\/index.php\/nextgen-attach_to_post\/preview\/id--697\"},{\"@type\":\"WebPage\",\"@id\":\"https:\/\/www.solarmobil.jakob-fugger-gymnasium.de\/?p=696#webpage\",\"url\":\"https:\/\/www.solarmobil.jakob-fugger-gymnasium.de\/?p=696\",\"name\":\"Bilder vom Wettbewerbstag 2016 - SolarMobil Bayern\",\"isPartOf\":{\"@id\":\"https:\/\/www.solarmobil.jakob-fugger-gymnasium.de\/#website\"},\"primaryImageOfPage\":{\"@id\":\"https:\/\/www.solarmobil.jakob-fugger-gymnasium.de\/?p=696#primaryimage\"},\"datePublished\":\"2016-06-25T19:44:13+00:00\",\"dateModified\":\"2016-06-25T19:58:32+00:00\",\"breadcrumb\":{\"@id\":\"https:\/\/www.solarmobil.jakob-fugger-gymnasium.de\/?p=696#breadcrumb\"},\"inLanguage\":\"de\",\"potentialAction\":[{\"@type\":\"ReadAction\",\"target\":[\"https:\/\/www.solarmobil.jakob-fugger-gymnasium.de\/?p=696\"]}]},{\"@type\":\"BreadcrumbList\",\"@id\":\"https:\/\/www.solarmobil.jakob-fugger-gymnasium.de\/?p=696#breadcrumb\",\"itemListElement\":[{\"@type\":\"ListItem\",\"position\":1,\"name\":\"Startseite\",\"item\":\"https:\/\/www.solarmobil.jakob-fugger-gymnasium.de\/\"},{\"@type\":\"ListItem\",\"position\":2,\"name\":\"Bilder vom Wettbewerbstag 2016\"}]},{\"@type\":\"Article\",\"@id\":\"https:\/\/www.solarmobil.jakob-fugger-gymnasium.de\/?p=696#article\",\"isPartOf\":{\"@id\":\"https:\/\/www.solarmobil.jakob-fugger-gymnasium.de\/?p=696#webpage\"},\"author\":{\"@id\":\"https:\/\/www.solarmobil.jakob-fugger-gymnasium.de\/#\/schema\/person\/3bfdf910442efe2ef8f2bdd0d110728c\"},\"headline\":\"Bilder vom Wettbewerbstag 2016\",\"datePublished\":\"2016-06-25T19:44:13+00:00\",\"dateModified\":\"2016-06-25T19:58:32+00:00\",\"mainEntityOfPage\":{\"@id\":\"https:\/\/www.solarmobil.jakob-fugger-gymnasium.de\/?p=696#webpage\"},\"wordCount\":31,\"publisher\":{\"@id\":\"https:\/\/www.solarmobil.jakob-fugger-gymnasium.de\/#organization\"},\"image\":{\"@id\":\"https:\/\/www.solarmobil.jakob-fugger-gymnasium.de\/?p=696#primaryimage\"},\"thumbnailUrl\":\"https:\/\/www.solarmobil.jakob-fugger-gymnasium.de\/index.php\/nextgen-attach_to_post\/preview\/id--697\",\"articleSection\":[\"News\"],\"inLanguage\":\"de\"},{\"@type\":\"Person\",\"@id\":\"https:\/\/www.solarmobil.jakob-fugger-gymnasium.de\/#\/schema\/person\/3bfdf910442efe2ef8f2bdd0d110728c\",\"name\":\"J\u00f6rg Haas\",\"image\":{\"@type\":\"ImageObject\",\"@id\":\"https:\/\/www.solarmobil.jakob-fugger-gymnasium.de\/#personlogo\",\"inLanguage\":\"de\",\"url\":\"https:\/\/secure.gravatar.com\/avatar\/23fb764a1cefc796b6360fdac36992e3?s=96&d=mm&r=g\",\"contentUrl\":\"https:\/\/secure.gravatar.com\/avatar\/23fb764a1cefc796b6360fdac36992e3?s=96&d=mm&r=g\",\"caption\":\"J\u00f6rg Haas\"},\"url\":\"https:\/\/www.solarmobil.jakob-fugger-gymnasium.de\/?author=4\"}]}<\/script>\n<!-- \/ Yoast SEO plugin. -->","yoast_head_json":{"title":"Bilder vom Wettbewerbstag 2016 - SolarMobil Bayern","robots":{"index":"index","follow":"follow","max-snippet":"max-snippet:-1","max-image-preview":"max-image-preview:large","max-video-preview":"max-video-preview:-1"},"canonical":"https:\/\/www.solarmobil.jakob-fugger-gymnasium.de\/?p=696","og_locale":"de_DE","og_type":"article","og_title":"Bilder vom Wettbewerbstag 2016 - SolarMobil Bayern","og_description":"Der SolarMobil-Wettbewerb Bayern 2016 war wieder ein voller Erfolg. Die ersten Bilder sind schon online und der ausf\u00fchrliche Bericht und weitere Bilder folgen in den n\u00e4chsten Tagen&#8230; [Start Diashow]","og_url":"https:\/\/www.solarmobil.jakob-fugger-gymnasium.de\/?p=696","og_site_name":"SolarMobil Bayern","article_published_time":"2016-06-25T19:44:13+00:00","article_modified_time":"2016-06-25T19:58:32+00:00","og_image":[{"url":"https:\/\/www.solarmobil.jakob-fugger-gymnasium.de\/index.php\/nextgen-attach_to_post\/preview\/id--697"}],"twitter_card":"summary_large_image","twitter_misc":{"Verfasst von":"J\u00f6rg Haas"},"schema":{"@context":"https:\/\/schema.org","@graph":[{"@type":"Organization","@id":"https:\/\/www.solarmobil.jakob-fugger-gymnasium.de\/#organization","name":"SolarMobil Bayern","url":"https:\/\/www.solarmobil.jakob-fugger-gymnasium.de\/","sameAs":[],"logo":{"@type":"ImageObject","@id":"https:\/\/www.solarmobil.jakob-fugger-gymnasium.de\/#logo","inLanguage":"de","url":"https:\/\/www.solarmobil.jakob-fugger-gymnasium.de\/wp-content\/uploads\/2020\/12\/Solarmobil-Bayern.png","contentUrl":"https:\/\/www.solarmobil.jakob-fugger-gymnasium.de\/wp-content\/uploads\/2020\/12\/Solarmobil-Bayern.png","width":563,"height":434,"caption":"SolarMobil Bayern"},"image":{"@id":"https:\/\/www.solarmobil.jakob-fugger-gymnasium.de\/#logo"}},{"@type":"WebSite","@id":"https:\/\/www.solarmobil.jakob-fugger-gymnasium.de\/#website","url":"https:\/\/www.solarmobil.jakob-fugger-gymnasium.de\/","name":"SolarMobil Bayern","description":"Jakob-Fugger-Gymnasium","publisher":{"@id":"https:\/\/www.solarmobil.jakob-fugger-gymnasium.de\/#organization"},"potentialAction":[{"@type":"SearchAction","target":{"@type":"EntryPoint","urlTemplate":"https:\/\/www.solarmobil.jakob-fugger-gymnasium.de\/?s={search_term_string}"},"query-input":"required name=search_term_string"}],"inLanguage":"de"},{"@type":"ImageObject","@id":"https:\/\/www.solarmobil.jakob-fugger-gymnasium.de\/?p=696#primaryimage","inLanguage":"de","url":"https:\/\/www.solarmobil.jakob-fugger-gymnasium.de\/index.php\/nextgen-attach_to_post\/preview\/id--697","contentUrl":"https:\/\/www.solarmobil.jakob-fugger-gymnasium.de\/index.php\/nextgen-attach_to_post\/preview\/id--697"},{"@type":"WebPage","@id":"https:\/\/www.solarmobil.jakob-fugger-gymnasium.de\/?p=696#webpage","url":"https:\/\/www.solarmobil.jakob-fugger-gymnasium.de\/?p=696","name":"Bilder vom Wettbewerbstag 2016 - SolarMobil Bayern","isPartOf":{"@id":"https:\/\/www.solarmobil.jakob-fugger-gymnasium.de\/#website"},"primaryImageOfPage":{"@id":"https:\/\/www.solarmobil.jakob-fugger-gymnasium.de\/?p=696#primaryimage"},"datePublished":"2016-06-25T19:44:13+00:00","dateModified":"2016-06-25T19:58:32+00:00","breadcrumb":{"@id":"https:\/\/www.solarmobil.jakob-fugger-gymnasium.de\/?p=696#breadcrumb"},"inLanguage":"de","potentialAction":[{"@type":"ReadAction","target":["https:\/\/www.solarmobil.jakob-fugger-gymnasium.de\/?p=696"]}]},{"@type":"BreadcrumbList","@id":"https:\/\/www.solarmobil.jakob-fugger-gymnasium.de\/?p=696#breadcrumb","itemListElement":[{"@type":"ListItem","position":1,"name":"Startseite","item":"https:\/\/www.solarmobil.jakob-fugger-gymnasium.de\/"},{"@type":"ListItem","position":2,"name":"Bilder vom Wettbewerbstag 2016"}]},{"@type":"Article","@id":"https:\/\/www.solarmobil.jakob-fugger-gymnasium.de\/?p=696#article","isPartOf":{"@id":"https:\/\/www.solarmobil.jakob-fugger-gymnasium.de\/?p=696#webpage"},"author":{"@id":"https:\/\/www.solarmobil.jakob-fugger-gymnasium.de\/#\/schema\/person\/3bfdf910442efe2ef8f2bdd0d110728c"},"headline":"Bilder vom Wettbewerbstag 2016","datePublished":"2016-06-25T19:44:13+00:00","dateModified":"2016-06-25T19:58:32+00:00","mainEntityOfPage":{"@id":"https:\/\/www.solarmobil.jakob-fugger-gymnasium.de\/?p=696#webpage"},"wordCount":31,"publisher":{"@id":"https:\/\/www.solarmobil.jakob-fugger-gymnasium.de\/#organization"},"image":{"@id":"https:\/\/www.solarmobil.jakob-fugger-gymnasium.de\/?p=696#primaryimage"},"thumbnailUrl":"https:\/\/www.solarmobil.jakob-fugger-gymnasium.de\/index.php\/nextgen-attach_to_post\/preview\/id--697","articleSection":["News"],"inLanguage":"de"},{"@type":"Person","@id":"https:\/\/www.solarmobil.jakob-fugger-gymnasium.de\/#\/schema\/person\/3bfdf910442efe2ef8f2bdd0d110728c","name":"J\u00f6rg Haas","image":{"@type":"ImageObject","@id":"https:\/\/www.solarmobil.jakob-fugger-gymnasium.de\/#personlogo","inLanguage":"de","url":"https:\/\/secure.gravatar.com\/avatar\/23fb764a1cefc796b6360fdac36992e3?s=96&d=mm&r=g","contentUrl":"https:\/\/secure.gravatar.com\/avatar\/23fb764a1cefc796b6360fdac36992e3?s=96&d=mm&r=g","caption":"J\u00f6rg Haas"},"url":"https:\/\/www.solarmobil.jakob-fugger-gymnasium.de\/?author=4"}]}},"_links":{"self":[{"href":"https:\/\/www.solarmobil.jakob-fugger-gymnasium.de\/index.php?rest_route=\/wp\/v2\/posts\/696"}],"collection":[{"href":"https:\/\/www.solarmobil.jakob-fugger-gymnasium.de\/index.php?rest_route=\/wp\/v2\/posts"}],"about":[{"href":"https:\/\/www.solarmobil.jakob-fugger-gymnasium.de\/index.php?rest_route=\/wp\/v2\/types\/post"}],"author":[{"embeddable":true,"href":"https:\/\/www.solarmobil.jakob-fugger-gymnasium.de\/index.php?rest_route=\/wp\/v2\/users\/4"}],"replies":[{"embeddable":true,"href":"https:\/\/www.solarmobil.jakob-fugger-gymnasium.de\/index.php?rest_route=%2Fwp%2Fv2%2Fcomments&post=696"}],"version-history":[{"count":4,"href":"https:\/\/www.solarmobil.jakob-fugger-gymnasium.de\/index.php?rest_route=\/wp\/v2\/posts\/696\/revisions"}],"predecessor-version":[{"id":702,"href":"https:\/\/www.solarmobil.jakob-fugger-gymnasium.de\/index.php?rest_route=\/wp\/v2\/posts\/696\/revisions\/702"}],"wp:attachment":[{"href":"https:\/\/www.solarmobil.jakob-fugger-gymnasium.de\/index.php?rest_route=%2Fwp%2Fv2%2Fmedia&parent=696"}],"wp:term":[{"taxonomy":"category","embeddable":true,"href":"https:\/\/www.solarmobil.jakob-fugger-gymnasium.de\/index.php?rest_route=%2Fwp%2Fv2%2Fcategories&post=696"},{"taxonomy":"post_tag","embeddable":true,"href":"https:\/\/www.solarmobil.jakob-fugger-gymnasium.de\/index.php?rest_route=%2Fwp%2Fv2%2Ftags&post=696"}],"curies":[{"name":"wp","href":"https:\/\/api.w.org\/{rel}","templated":true}]}}