{"id":771,"date":"2017-06-17T14:50:42","date_gmt":"2017-06-17T13:50:42","guid":{"rendered":"http:\/\/www.solarmobil.jakob-fugger-gymnasium.de\/?p=771"},"modified":"2017-06-17T18:13:09","modified_gmt":"2017-06-17T17:13:09","slug":"countdown-solarmobil-bayern-2017-laeuft","status":"publish","type":"post","link":"https:\/\/www.solarmobil.jakob-fugger-gymnasium.de\/?p=771","title":{"rendered":"Countdown SolarMobil Bayern 2017 l\u00e4uft&#8230;"},"content":{"rendered":"<p>In diesem Jahr nehmen 35 Sch\u00fclerteams mit insgesamt 85 Sch\u00fclerinnen und Sch\u00fclern der 3. bis 10. Jahrgangsstufe am Technologiewettbewerb SolarMobil Bayern teil. eine absolute Neuheit 2017 ist die Ausweitung des Wettbewerbes auf Grundschulen und VDIni-Teams. Betreut von ihren Lehrkr\u00e4ften entsenden folgende Schulen aus ganz Schwaben ihre Teams: Grundschule Herrenbach, Grundschule Inningen, Gymnasium K\u00f6nigsbrunn, Maria-Theresia-Gymnasium, Jakob-Fugger-Gymnasium, Johann-Michael-Sailer-Gymnasium Dillingen und die VDInis Augsburg <!--more--><\/p>\n<p>Es treten 12 Teams in der Ultraleicht- (Geschwindigkeit\/Leichtbau) und 18 Teams in der Kreativklasse (Design) und erstmals 5 Teams in der JuniorKlasse (Grundsch\u00fcler und VDIni-Teams) an. Hier finden Sie die <a href=\"https:\/\/www.solarmobil.jakob-fugger-gymnasium.de\/?page_id=323\">\u00dcbersichtskarte<\/a> aller Teilnehmerschulen.<\/p>\n<p>Dieses Event an der Hochschule Augsburg ist der bayerische Vorentscheid zum Bundeswettbewerb SolarMobil, bei dem Solarmodellfahrzeuge von den Teams selbst entwickelt und gebaut werden m\u00fcssen. Der Schwerpunkt liegt 2017 bei maritimen Themen und nat\u00fcrlich Nachhaltigkeit.&nbsp;<\/p>\n<p>Am Samstag, 23. September 2017, werden die Gewinner von SolarMobil Bayern in Bremen bei der <a href=\"http:\/\/www.solarmobil-deutschland.de\/solarmobil\/Bundeswettbewerb\/Seiten\/Bundeswettbewerb.aspx\" target=\"_blank\" rel=\"noopener\">Deutschen Meisterschaft SolarMobil<\/a> gegen Teams aus ganz Deutschland antreten. Im Rahmen der <a href=\"http:\/\/www.maritimewoche.de\/bremen\/\" target=\"_blank\" rel=\"noopener\">Maritimen Woche<\/a> wird die Rennbahn nahe der Jugendherberge Bremen aufgebaut und von einem spannenden Programm flankiert.&nbsp;<\/p>\n","protected":false},"excerpt":{"rendered":"<p>In diesem Jahr nehmen 35 Sch\u00fclerteams mit insgesamt 85 Sch\u00fclerinnen und Sch\u00fclern der 3. bis 10. Jahrgangsstufe am Technologiewettbewerb SolarMobil Bayern teil. eine absolute Neuheit 2017 ist die Ausweitung des Wettbewerbes auf Grundschulen und VDIni-Teams. Betreut von ihren Lehrkr\u00e4ften entsenden<span class=\"ellipsis\">&hellip;<\/span><\/p>\n<div class=\"read-more\"><a href=\"https:\/\/www.solarmobil.jakob-fugger-gymnasium.de\/?p=771\">Weiterlesen \u203a<\/a><\/div>\n<p><!-- end of .read-more --><\/p>\n","protected":false},"author":4,"featured_media":0,"comment_status":"closed","ping_status":"closed","sticky":false,"template":"","format":"standard","meta":{"ngg_post_thumbnail":0},"categories":[1],"tags":[],"yoast_head":"<!-- This site is optimized with the Yoast SEO plugin v18.4.1 - https:\/\/yoast.com\/wordpress\/plugins\/seo\/ -->\n<title>Countdown SolarMobil Bayern 2017 l\u00e4uft... - SolarMobil Bayern<\/title>\n<meta name=\"robots\" content=\"index, follow, max-snippet:-1, max-image-preview:large, max-video-preview:-1\" \/>\n<link rel=\"canonical\" href=\"https:\/\/www.solarmobil.jakob-fugger-gymnasium.de\/?p=771\" \/>\n<meta property=\"og:locale\" content=\"de_DE\" \/>\n<meta property=\"og:type\" content=\"article\" \/>\n<meta property=\"og:title\" content=\"Countdown SolarMobil Bayern 2017 l\u00e4uft... - SolarMobil Bayern\" \/>\n<meta property=\"og:description\" content=\"In diesem Jahr nehmen 35 Sch\u00fclerteams mit insgesamt 85 Sch\u00fclerinnen und Sch\u00fclern der 3. bis 10. Jahrgangsstufe am Technologiewettbewerb SolarMobil Bayern teil. eine absolute Neuheit 2017 ist die Ausweitung des Wettbewerbes auf Grundschulen und VDIni-Teams. Betreut von ihren Lehrkr\u00e4ften entsenden&hellip;Weiterlesen \u203a\" \/>\n<meta property=\"og:url\" content=\"https:\/\/www.solarmobil.jakob-fugger-gymnasium.de\/?p=771\" \/>\n<meta property=\"og:site_name\" content=\"SolarMobil Bayern\" \/>\n<meta property=\"article:published_time\" content=\"2017-06-17T13:50:42+00:00\" \/>\n<meta property=\"article:modified_time\" content=\"2017-06-17T17:13:09+00:00\" \/>\n<meta name=\"twitter:card\" content=\"summary_large_image\" \/>\n<meta name=\"twitter:label1\" content=\"Verfasst von\" \/>\n\t<meta name=\"twitter:data1\" content=\"J\u00f6rg Haas\" \/>\n\t<meta name=\"twitter:label2\" content=\"Gesch\u00e4tzte Lesezeit\" \/>\n\t<meta name=\"twitter:data2\" content=\"1\u00a0Minute\" \/>\n<script type=\"application\/ld+json\" class=\"yoast-schema-graph\">{\"@context\":\"https:\/\/schema.org\",\"@graph\":[{\"@type\":\"Organization\",\"@id\":\"https:\/\/www.solarmobil.jakob-fugger-gymnasium.de\/#organization\",\"name\":\"SolarMobil Bayern\",\"url\":\"https:\/\/www.solarmobil.jakob-fugger-gymnasium.de\/\",\"sameAs\":[],\"logo\":{\"@type\":\"ImageObject\",\"@id\":\"https:\/\/www.solarmobil.jakob-fugger-gymnasium.de\/#logo\",\"inLanguage\":\"de\",\"url\":\"https:\/\/www.solarmobil.jakob-fugger-gymnasium.de\/wp-content\/uploads\/2020\/12\/Solarmobil-Bayern.png\",\"contentUrl\":\"https:\/\/www.solarmobil.jakob-fugger-gymnasium.de\/wp-content\/uploads\/2020\/12\/Solarmobil-Bayern.png\",\"width\":563,\"height\":434,\"caption\":\"SolarMobil Bayern\"},\"image\":{\"@id\":\"https:\/\/www.solarmobil.jakob-fugger-gymnasium.de\/#logo\"}},{\"@type\":\"WebSite\",\"@id\":\"https:\/\/www.solarmobil.jakob-fugger-gymnasium.de\/#website\",\"url\":\"https:\/\/www.solarmobil.jakob-fugger-gymnasium.de\/\",\"name\":\"SolarMobil Bayern\",\"description\":\"Jakob-Fugger-Gymnasium\",\"publisher\":{\"@id\":\"https:\/\/www.solarmobil.jakob-fugger-gymnasium.de\/#organization\"},\"potentialAction\":[{\"@type\":\"SearchAction\",\"target\":{\"@type\":\"EntryPoint\",\"urlTemplate\":\"https:\/\/www.solarmobil.jakob-fugger-gymnasium.de\/?s={search_term_string}\"},\"query-input\":\"required name=search_term_string\"}],\"inLanguage\":\"de\"},{\"@type\":\"WebPage\",\"@id\":\"https:\/\/www.solarmobil.jakob-fugger-gymnasium.de\/?p=771#webpage\",\"url\":\"https:\/\/www.solarmobil.jakob-fugger-gymnasium.de\/?p=771\",\"name\":\"Countdown SolarMobil Bayern 2017 l\u00e4uft... - SolarMobil Bayern\",\"isPartOf\":{\"@id\":\"https:\/\/www.solarmobil.jakob-fugger-gymnasium.de\/#website\"},\"datePublished\":\"2017-06-17T13:50:42+00:00\",\"dateModified\":\"2017-06-17T17:13:09+00:00\",\"breadcrumb\":{\"@id\":\"https:\/\/www.solarmobil.jakob-fugger-gymnasium.de\/?p=771#breadcrumb\"},\"inLanguage\":\"de\",\"potentialAction\":[{\"@type\":\"ReadAction\",\"target\":[\"https:\/\/www.solarmobil.jakob-fugger-gymnasium.de\/?p=771\"]}]},{\"@type\":\"BreadcrumbList\",\"@id\":\"https:\/\/www.solarmobil.jakob-fugger-gymnasium.de\/?p=771#breadcrumb\",\"itemListElement\":[{\"@type\":\"ListItem\",\"position\":1,\"name\":\"Startseite\",\"item\":\"https:\/\/www.solarmobil.jakob-fugger-gymnasium.de\/\"},{\"@type\":\"ListItem\",\"position\":2,\"name\":\"Countdown SolarMobil Bayern 2017 l\u00e4uft&#8230;\"}]},{\"@type\":\"Article\",\"@id\":\"https:\/\/www.solarmobil.jakob-fugger-gymnasium.de\/?p=771#article\",\"isPartOf\":{\"@id\":\"https:\/\/www.solarmobil.jakob-fugger-gymnasium.de\/?p=771#webpage\"},\"author\":{\"@id\":\"https:\/\/www.solarmobil.jakob-fugger-gymnasium.de\/#\/schema\/person\/3bfdf910442efe2ef8f2bdd0d110728c\"},\"headline\":\"Countdown SolarMobil Bayern 2017 l\u00e4uft&#8230;\",\"datePublished\":\"2017-06-17T13:50:42+00:00\",\"dateModified\":\"2017-06-17T17:13:09+00:00\",\"mainEntityOfPage\":{\"@id\":\"https:\/\/www.solarmobil.jakob-fugger-gymnasium.de\/?p=771#webpage\"},\"wordCount\":177,\"publisher\":{\"@id\":\"https:\/\/www.solarmobil.jakob-fugger-gymnasium.de\/#organization\"},\"articleSection\":[\"News\"],\"inLanguage\":\"de\"},{\"@type\":\"Person\",\"@id\":\"https:\/\/www.solarmobil.jakob-fugger-gymnasium.de\/#\/schema\/person\/3bfdf910442efe2ef8f2bdd0d110728c\",\"name\":\"J\u00f6rg Haas\",\"image\":{\"@type\":\"ImageObject\",\"@id\":\"https:\/\/www.solarmobil.jakob-fugger-gymnasium.de\/#personlogo\",\"inLanguage\":\"de\",\"url\":\"https:\/\/secure.gravatar.com\/avatar\/23fb764a1cefc796b6360fdac36992e3?s=96&d=mm&r=g\",\"contentUrl\":\"https:\/\/secure.gravatar.com\/avatar\/23fb764a1cefc796b6360fdac36992e3?s=96&d=mm&r=g\",\"caption\":\"J\u00f6rg Haas\"},\"url\":\"https:\/\/www.solarmobil.jakob-fugger-gymnasium.de\/?author=4\"}]}<\/script>\n<!-- \/ Yoast SEO plugin. -->","yoast_head_json":{"title":"Countdown SolarMobil Bayern 2017 l\u00e4uft... - SolarMobil Bayern","robots":{"index":"index","follow":"follow","max-snippet":"max-snippet:-1","max-image-preview":"max-image-preview:large","max-video-preview":"max-video-preview:-1"},"canonical":"https:\/\/www.solarmobil.jakob-fugger-gymnasium.de\/?p=771","og_locale":"de_DE","og_type":"article","og_title":"Countdown SolarMobil Bayern 2017 l\u00e4uft... - SolarMobil Bayern","og_description":"In diesem Jahr nehmen 35 Sch\u00fclerteams mit insgesamt 85 Sch\u00fclerinnen und Sch\u00fclern der 3. bis 10. Jahrgangsstufe am Technologiewettbewerb SolarMobil Bayern teil. eine absolute Neuheit 2017 ist die Ausweitung des Wettbewerbes auf Grundschulen und VDIni-Teams. Betreut von ihren Lehrkr\u00e4ften entsenden&hellip;Weiterlesen \u203a","og_url":"https:\/\/www.solarmobil.jakob-fugger-gymnasium.de\/?p=771","og_site_name":"SolarMobil Bayern","article_published_time":"2017-06-17T13:50:42+00:00","article_modified_time":"2017-06-17T17:13:09+00:00","twitter_card":"summary_large_image","twitter_misc":{"Verfasst von":"J\u00f6rg Haas","Gesch\u00e4tzte Lesezeit":"1\u00a0Minute"},"schema":{"@context":"https:\/\/schema.org","@graph":[{"@type":"Organization","@id":"https:\/\/www.solarmobil.jakob-fugger-gymnasium.de\/#organization","name":"SolarMobil Bayern","url":"https:\/\/www.solarmobil.jakob-fugger-gymnasium.de\/","sameAs":[],"logo":{"@type":"ImageObject","@id":"https:\/\/www.solarmobil.jakob-fugger-gymnasium.de\/#logo","inLanguage":"de","url":"https:\/\/www.solarmobil.jakob-fugger-gymnasium.de\/wp-content\/uploads\/2020\/12\/Solarmobil-Bayern.png","contentUrl":"https:\/\/www.solarmobil.jakob-fugger-gymnasium.de\/wp-content\/uploads\/2020\/12\/Solarmobil-Bayern.png","width":563,"height":434,"caption":"SolarMobil Bayern"},"image":{"@id":"https:\/\/www.solarmobil.jakob-fugger-gymnasium.de\/#logo"}},{"@type":"WebSite","@id":"https:\/\/www.solarmobil.jakob-fugger-gymnasium.de\/#website","url":"https:\/\/www.solarmobil.jakob-fugger-gymnasium.de\/","name":"SolarMobil Bayern","description":"Jakob-Fugger-Gymnasium","publisher":{"@id":"https:\/\/www.solarmobil.jakob-fugger-gymnasium.de\/#organization"},"potentialAction":[{"@type":"SearchAction","target":{"@type":"EntryPoint","urlTemplate":"https:\/\/www.solarmobil.jakob-fugger-gymnasium.de\/?s={search_term_string}"},"query-input":"required name=search_term_string"}],"inLanguage":"de"},{"@type":"WebPage","@id":"https:\/\/www.solarmobil.jakob-fugger-gymnasium.de\/?p=771#webpage","url":"https:\/\/www.solarmobil.jakob-fugger-gymnasium.de\/?p=771","name":"Countdown SolarMobil Bayern 2017 l\u00e4uft... - SolarMobil Bayern","isPartOf":{"@id":"https:\/\/www.solarmobil.jakob-fugger-gymnasium.de\/#website"},"datePublished":"2017-06-17T13:50:42+00:00","dateModified":"2017-06-17T17:13:09+00:00","breadcrumb":{"@id":"https:\/\/www.solarmobil.jakob-fugger-gymnasium.de\/?p=771#breadcrumb"},"inLanguage":"de","potentialAction":[{"@type":"ReadAction","target":["https:\/\/www.solarmobil.jakob-fugger-gymnasium.de\/?p=771"]}]},{"@type":"BreadcrumbList","@id":"https:\/\/www.solarmobil.jakob-fugger-gymnasium.de\/?p=771#breadcrumb","itemListElement":[{"@type":"ListItem","position":1,"name":"Startseite","item":"https:\/\/www.solarmobil.jakob-fugger-gymnasium.de\/"},{"@type":"ListItem","position":2,"name":"Countdown SolarMobil Bayern 2017 l\u00e4uft&#8230;"}]},{"@type":"Article","@id":"https:\/\/www.solarmobil.jakob-fugger-gymnasium.de\/?p=771#article","isPartOf":{"@id":"https:\/\/www.solarmobil.jakob-fugger-gymnasium.de\/?p=771#webpage"},"author":{"@id":"https:\/\/www.solarmobil.jakob-fugger-gymnasium.de\/#\/schema\/person\/3bfdf910442efe2ef8f2bdd0d110728c"},"headline":"Countdown SolarMobil Bayern 2017 l\u00e4uft&#8230;","datePublished":"2017-06-17T13:50:42+00:00","dateModified":"2017-06-17T17:13:09+00:00","mainEntityOfPage":{"@id":"https:\/\/www.solarmobil.jakob-fugger-gymnasium.de\/?p=771#webpage"},"wordCount":177,"publisher":{"@id":"https:\/\/www.solarmobil.jakob-fugger-gymnasium.de\/#organization"},"articleSection":["News"],"inLanguage":"de"},{"@type":"Person","@id":"https:\/\/www.solarmobil.jakob-fugger-gymnasium.de\/#\/schema\/person\/3bfdf910442efe2ef8f2bdd0d110728c","name":"J\u00f6rg Haas","image":{"@type":"ImageObject","@id":"https:\/\/www.solarmobil.jakob-fugger-gymnasium.de\/#personlogo","inLanguage":"de","url":"https:\/\/secure.gravatar.com\/avatar\/23fb764a1cefc796b6360fdac36992e3?s=96&d=mm&r=g","contentUrl":"https:\/\/secure.gravatar.com\/avatar\/23fb764a1cefc796b6360fdac36992e3?s=96&d=mm&r=g","caption":"J\u00f6rg Haas"},"url":"https:\/\/www.solarmobil.jakob-fugger-gymnasium.de\/?author=4"}]}},"_links":{"self":[{"href":"https:\/\/www.solarmobil.jakob-fugger-gymnasium.de\/index.php?rest_route=\/wp\/v2\/posts\/771"}],"collection":[{"href":"https:\/\/www.solarmobil.jakob-fugger-gymnasium.de\/index.php?rest_route=\/wp\/v2\/posts"}],"about":[{"href":"https:\/\/www.solarmobil.jakob-fugger-gymnasium.de\/index.php?rest_route=\/wp\/v2\/types\/post"}],"author":[{"embeddable":true,"href":"https:\/\/www.solarmobil.jakob-fugger-gymnasium.de\/index.php?rest_route=\/wp\/v2\/users\/4"}],"replies":[{"embeddable":true,"href":"https:\/\/www.solarmobil.jakob-fugger-gymnasium.de\/index.php?rest_route=%2Fwp%2Fv2%2Fcomments&post=771"}],"version-history":[{"count":4,"href":"https:\/\/www.solarmobil.jakob-fugger-gymnasium.de\/index.php?rest_route=\/wp\/v2\/posts\/771\/revisions"}],"predecessor-version":[{"id":787,"href":"https:\/\/www.solarmobil.jakob-fugger-gymnasium.de\/index.php?rest_route=\/wp\/v2\/posts\/771\/revisions\/787"}],"wp:attachment":[{"href":"https:\/\/www.solarmobil.jakob-fugger-gymnasium.de\/index.php?rest_route=%2Fwp%2Fv2%2Fmedia&parent=771"}],"wp:term":[{"taxonomy":"category","embeddable":true,"href":"https:\/\/www.solarmobil.jakob-fugger-gymnasium.de\/index.php?rest_route=%2Fwp%2Fv2%2Fcategories&post=771"},{"taxonomy":"post_tag","embeddable":true,"href":"https:\/\/www.solarmobil.jakob-fugger-gymnasium.de\/index.php?rest_route=%2Fwp%2Fv2%2Ftags&post=771"}],"curies":[{"name":"wp","href":"https:\/\/api.w.org\/{rel}","templated":true}]}}