{"id":973,"date":"2017-12-22T14:55:45","date_gmt":"2017-12-22T13:55:45","guid":{"rendered":"http:\/\/www.solarmobil.jakob-fugger-gymnasium.de\/?p=973"},"modified":"2018-01-14T14:56:11","modified_gmt":"2018-01-14T13:56:11","slug":"termin-und-ort-fuer-die-dm-solarmobil-stehen-fest","status":"publish","type":"post","link":"https:\/\/www.solarmobil.jakob-fugger-gymnasium.de\/?p=973","title":{"rendered":"Termin und Ort f\u00fcr die DM SolarMobil 2018 stehen fest"},"content":{"rendered":"<p>Seit heute steht der Termin f\u00fcr SolarMobil Deutschland fest: Die Deutsche Meisterschaft der Solar-Modellfahrzeuge findet am <a href=\"https:\/\/www.solarmobil-deutschland.de\/smd-de\" target=\"_blank\" rel=\"noopener\"><strong>Freitag, 21.09.2018 in Chemnitz<\/strong><\/a> statt. Auf dem Neumarkt am historischen Rathaus starten spannende Rennen und die Suche nach den kreativsten Fahrzeugen, flankiert von vielf\u00e4ltigen Aktionen zur europ\u00e4ischen Mobilit\u00e4tswoche. Wie in den Vorjahren erhalten die beiden erstplatzierten Teams der Ultraleichtklasse und das Siegerteam der Kreativklasse des Regionalentscheids Bayern die Fahrkarte nach Wolfsburg&#8230;<\/p>\n","protected":false},"excerpt":{"rendered":"<p>Seit heute steht der Termin f\u00fcr SolarMobil Deutschland fest: Die Deutsche Meisterschaft der Solar-Modellfahrzeuge findet am Freitag, 21.09.2018 in Chemnitz statt. Auf dem Neumarkt am historischen Rathaus starten spannende Rennen und die Suche nach den kreativsten Fahrzeugen, flankiert von vielf\u00e4ltigen<span class=\"ellipsis\">&hellip;<\/span><\/p>\n<div class=\"read-more\"><a href=\"https:\/\/www.solarmobil.jakob-fugger-gymnasium.de\/?p=973\">Weiterlesen \u203a<\/a><\/div>\n<p><!-- end of .read-more --><\/p>\n","protected":false},"author":4,"featured_media":0,"comment_status":"closed","ping_status":"closed","sticky":false,"template":"","format":"standard","meta":{"ngg_post_thumbnail":0},"categories":[1],"tags":[],"yoast_head":"<!-- This site is optimized with the Yoast SEO plugin v18.4.1 - https:\/\/yoast.com\/wordpress\/plugins\/seo\/ -->\n<title>Termin und Ort f\u00fcr die DM SolarMobil 2018 stehen fest - SolarMobil Bayern<\/title>\n<meta name=\"robots\" content=\"index, follow, max-snippet:-1, max-image-preview:large, max-video-preview:-1\" \/>\n<link rel=\"canonical\" href=\"https:\/\/www.solarmobil.jakob-fugger-gymnasium.de\/?p=973\" \/>\n<meta property=\"og:locale\" content=\"de_DE\" \/>\n<meta property=\"og:type\" content=\"article\" \/>\n<meta property=\"og:title\" content=\"Termin und Ort f\u00fcr die DM SolarMobil 2018 stehen fest - SolarMobil Bayern\" \/>\n<meta property=\"og:description\" content=\"Seit heute steht der Termin f\u00fcr SolarMobil Deutschland fest: Die Deutsche Meisterschaft der Solar-Modellfahrzeuge findet am Freitag, 21.09.2018 in Chemnitz statt. Auf dem Neumarkt am historischen Rathaus starten spannende Rennen und die Suche nach den kreativsten Fahrzeugen, flankiert von vielf\u00e4ltigen&hellip;Weiterlesen \u203a\" \/>\n<meta property=\"og:url\" content=\"https:\/\/www.solarmobil.jakob-fugger-gymnasium.de\/?p=973\" \/>\n<meta property=\"og:site_name\" content=\"SolarMobil Bayern\" \/>\n<meta property=\"article:published_time\" content=\"2017-12-22T13:55:45+00:00\" \/>\n<meta property=\"article:modified_time\" content=\"2018-01-14T13:56:11+00:00\" \/>\n<meta name=\"twitter:card\" content=\"summary_large_image\" \/>\n<meta name=\"twitter:label1\" content=\"Verfasst von\" \/>\n\t<meta name=\"twitter:data1\" content=\"J\u00f6rg Haas\" \/>\n<script type=\"application\/ld+json\" class=\"yoast-schema-graph\">{\"@context\":\"https:\/\/schema.org\",\"@graph\":[{\"@type\":\"Organization\",\"@id\":\"https:\/\/www.solarmobil.jakob-fugger-gymnasium.de\/#organization\",\"name\":\"SolarMobil Bayern\",\"url\":\"https:\/\/www.solarmobil.jakob-fugger-gymnasium.de\/\",\"sameAs\":[],\"logo\":{\"@type\":\"ImageObject\",\"@id\":\"https:\/\/www.solarmobil.jakob-fugger-gymnasium.de\/#logo\",\"inLanguage\":\"de\",\"url\":\"https:\/\/www.solarmobil.jakob-fugger-gymnasium.de\/wp-content\/uploads\/2020\/12\/Solarmobil-Bayern.png\",\"contentUrl\":\"https:\/\/www.solarmobil.jakob-fugger-gymnasium.de\/wp-content\/uploads\/2020\/12\/Solarmobil-Bayern.png\",\"width\":563,\"height\":434,\"caption\":\"SolarMobil Bayern\"},\"image\":{\"@id\":\"https:\/\/www.solarmobil.jakob-fugger-gymnasium.de\/#logo\"}},{\"@type\":\"WebSite\",\"@id\":\"https:\/\/www.solarmobil.jakob-fugger-gymnasium.de\/#website\",\"url\":\"https:\/\/www.solarmobil.jakob-fugger-gymnasium.de\/\",\"name\":\"SolarMobil Bayern\",\"description\":\"Jakob-Fugger-Gymnasium\",\"publisher\":{\"@id\":\"https:\/\/www.solarmobil.jakob-fugger-gymnasium.de\/#organization\"},\"potentialAction\":[{\"@type\":\"SearchAction\",\"target\":{\"@type\":\"EntryPoint\",\"urlTemplate\":\"https:\/\/www.solarmobil.jakob-fugger-gymnasium.de\/?s={search_term_string}\"},\"query-input\":\"required name=search_term_string\"}],\"inLanguage\":\"de\"},{\"@type\":\"WebPage\",\"@id\":\"https:\/\/www.solarmobil.jakob-fugger-gymnasium.de\/?p=973#webpage\",\"url\":\"https:\/\/www.solarmobil.jakob-fugger-gymnasium.de\/?p=973\",\"name\":\"Termin und Ort f\u00fcr die DM SolarMobil 2018 stehen fest - SolarMobil Bayern\",\"isPartOf\":{\"@id\":\"https:\/\/www.solarmobil.jakob-fugger-gymnasium.de\/#website\"},\"datePublished\":\"2017-12-22T13:55:45+00:00\",\"dateModified\":\"2018-01-14T13:56:11+00:00\",\"breadcrumb\":{\"@id\":\"https:\/\/www.solarmobil.jakob-fugger-gymnasium.de\/?p=973#breadcrumb\"},\"inLanguage\":\"de\",\"potentialAction\":[{\"@type\":\"ReadAction\",\"target\":[\"https:\/\/www.solarmobil.jakob-fugger-gymnasium.de\/?p=973\"]}]},{\"@type\":\"BreadcrumbList\",\"@id\":\"https:\/\/www.solarmobil.jakob-fugger-gymnasium.de\/?p=973#breadcrumb\",\"itemListElement\":[{\"@type\":\"ListItem\",\"position\":1,\"name\":\"Startseite\",\"item\":\"https:\/\/www.solarmobil.jakob-fugger-gymnasium.de\/\"},{\"@type\":\"ListItem\",\"position\":2,\"name\":\"Termin und Ort f\u00fcr die DM SolarMobil 2018 stehen fest\"}]},{\"@type\":\"Article\",\"@id\":\"https:\/\/www.solarmobil.jakob-fugger-gymnasium.de\/?p=973#article\",\"isPartOf\":{\"@id\":\"https:\/\/www.solarmobil.jakob-fugger-gymnasium.de\/?p=973#webpage\"},\"author\":{\"@id\":\"https:\/\/www.solarmobil.jakob-fugger-gymnasium.de\/#\/schema\/person\/3bfdf910442efe2ef8f2bdd0d110728c\"},\"headline\":\"Termin und Ort f\u00fcr die DM SolarMobil 2018 stehen fest\",\"datePublished\":\"2017-12-22T13:55:45+00:00\",\"dateModified\":\"2018-01-14T13:56:11+00:00\",\"mainEntityOfPage\":{\"@id\":\"https:\/\/www.solarmobil.jakob-fugger-gymnasium.de\/?p=973#webpage\"},\"wordCount\":80,\"publisher\":{\"@id\":\"https:\/\/www.solarmobil.jakob-fugger-gymnasium.de\/#organization\"},\"articleSection\":[\"News\"],\"inLanguage\":\"de\"},{\"@type\":\"Person\",\"@id\":\"https:\/\/www.solarmobil.jakob-fugger-gymnasium.de\/#\/schema\/person\/3bfdf910442efe2ef8f2bdd0d110728c\",\"name\":\"J\u00f6rg Haas\",\"image\":{\"@type\":\"ImageObject\",\"@id\":\"https:\/\/www.solarmobil.jakob-fugger-gymnasium.de\/#personlogo\",\"inLanguage\":\"de\",\"url\":\"https:\/\/secure.gravatar.com\/avatar\/23fb764a1cefc796b6360fdac36992e3?s=96&d=mm&r=g\",\"contentUrl\":\"https:\/\/secure.gravatar.com\/avatar\/23fb764a1cefc796b6360fdac36992e3?s=96&d=mm&r=g\",\"caption\":\"J\u00f6rg Haas\"},\"url\":\"https:\/\/www.solarmobil.jakob-fugger-gymnasium.de\/?author=4\"}]}<\/script>\n<!-- \/ Yoast SEO plugin. -->","yoast_head_json":{"title":"Termin und Ort f\u00fcr die DM SolarMobil 2018 stehen fest - SolarMobil Bayern","robots":{"index":"index","follow":"follow","max-snippet":"max-snippet:-1","max-image-preview":"max-image-preview:large","max-video-preview":"max-video-preview:-1"},"canonical":"https:\/\/www.solarmobil.jakob-fugger-gymnasium.de\/?p=973","og_locale":"de_DE","og_type":"article","og_title":"Termin und Ort f\u00fcr die DM SolarMobil 2018 stehen fest - SolarMobil Bayern","og_description":"Seit heute steht der Termin f\u00fcr SolarMobil Deutschland fest: Die Deutsche Meisterschaft der Solar-Modellfahrzeuge findet am Freitag, 21.09.2018 in Chemnitz statt. Auf dem Neumarkt am historischen Rathaus starten spannende Rennen und die Suche nach den kreativsten Fahrzeugen, flankiert von vielf\u00e4ltigen&hellip;Weiterlesen \u203a","og_url":"https:\/\/www.solarmobil.jakob-fugger-gymnasium.de\/?p=973","og_site_name":"SolarMobil Bayern","article_published_time":"2017-12-22T13:55:45+00:00","article_modified_time":"2018-01-14T13:56:11+00:00","twitter_card":"summary_large_image","twitter_misc":{"Verfasst von":"J\u00f6rg Haas"},"schema":{"@context":"https:\/\/schema.org","@graph":[{"@type":"Organization","@id":"https:\/\/www.solarmobil.jakob-fugger-gymnasium.de\/#organization","name":"SolarMobil Bayern","url":"https:\/\/www.solarmobil.jakob-fugger-gymnasium.de\/","sameAs":[],"logo":{"@type":"ImageObject","@id":"https:\/\/www.solarmobil.jakob-fugger-gymnasium.de\/#logo","inLanguage":"de","url":"https:\/\/www.solarmobil.jakob-fugger-gymnasium.de\/wp-content\/uploads\/2020\/12\/Solarmobil-Bayern.png","contentUrl":"https:\/\/www.solarmobil.jakob-fugger-gymnasium.de\/wp-content\/uploads\/2020\/12\/Solarmobil-Bayern.png","width":563,"height":434,"caption":"SolarMobil Bayern"},"image":{"@id":"https:\/\/www.solarmobil.jakob-fugger-gymnasium.de\/#logo"}},{"@type":"WebSite","@id":"https:\/\/www.solarmobil.jakob-fugger-gymnasium.de\/#website","url":"https:\/\/www.solarmobil.jakob-fugger-gymnasium.de\/","name":"SolarMobil Bayern","description":"Jakob-Fugger-Gymnasium","publisher":{"@id":"https:\/\/www.solarmobil.jakob-fugger-gymnasium.de\/#organization"},"potentialAction":[{"@type":"SearchAction","target":{"@type":"EntryPoint","urlTemplate":"https:\/\/www.solarmobil.jakob-fugger-gymnasium.de\/?s={search_term_string}"},"query-input":"required name=search_term_string"}],"inLanguage":"de"},{"@type":"WebPage","@id":"https:\/\/www.solarmobil.jakob-fugger-gymnasium.de\/?p=973#webpage","url":"https:\/\/www.solarmobil.jakob-fugger-gymnasium.de\/?p=973","name":"Termin und Ort f\u00fcr die DM SolarMobil 2018 stehen fest - SolarMobil Bayern","isPartOf":{"@id":"https:\/\/www.solarmobil.jakob-fugger-gymnasium.de\/#website"},"datePublished":"2017-12-22T13:55:45+00:00","dateModified":"2018-01-14T13:56:11+00:00","breadcrumb":{"@id":"https:\/\/www.solarmobil.jakob-fugger-gymnasium.de\/?p=973#breadcrumb"},"inLanguage":"de","potentialAction":[{"@type":"ReadAction","target":["https:\/\/www.solarmobil.jakob-fugger-gymnasium.de\/?p=973"]}]},{"@type":"BreadcrumbList","@id":"https:\/\/www.solarmobil.jakob-fugger-gymnasium.de\/?p=973#breadcrumb","itemListElement":[{"@type":"ListItem","position":1,"name":"Startseite","item":"https:\/\/www.solarmobil.jakob-fugger-gymnasium.de\/"},{"@type":"ListItem","position":2,"name":"Termin und Ort f\u00fcr die DM SolarMobil 2018 stehen fest"}]},{"@type":"Article","@id":"https:\/\/www.solarmobil.jakob-fugger-gymnasium.de\/?p=973#article","isPartOf":{"@id":"https:\/\/www.solarmobil.jakob-fugger-gymnasium.de\/?p=973#webpage"},"author":{"@id":"https:\/\/www.solarmobil.jakob-fugger-gymnasium.de\/#\/schema\/person\/3bfdf910442efe2ef8f2bdd0d110728c"},"headline":"Termin und Ort f\u00fcr die DM SolarMobil 2018 stehen fest","datePublished":"2017-12-22T13:55:45+00:00","dateModified":"2018-01-14T13:56:11+00:00","mainEntityOfPage":{"@id":"https:\/\/www.solarmobil.jakob-fugger-gymnasium.de\/?p=973#webpage"},"wordCount":80,"publisher":{"@id":"https:\/\/www.solarmobil.jakob-fugger-gymnasium.de\/#organization"},"articleSection":["News"],"inLanguage":"de"},{"@type":"Person","@id":"https:\/\/www.solarmobil.jakob-fugger-gymnasium.de\/#\/schema\/person\/3bfdf910442efe2ef8f2bdd0d110728c","name":"J\u00f6rg Haas","image":{"@type":"ImageObject","@id":"https:\/\/www.solarmobil.jakob-fugger-gymnasium.de\/#personlogo","inLanguage":"de","url":"https:\/\/secure.gravatar.com\/avatar\/23fb764a1cefc796b6360fdac36992e3?s=96&d=mm&r=g","contentUrl":"https:\/\/secure.gravatar.com\/avatar\/23fb764a1cefc796b6360fdac36992e3?s=96&d=mm&r=g","caption":"J\u00f6rg Haas"},"url":"https:\/\/www.solarmobil.jakob-fugger-gymnasium.de\/?author=4"}]}},"_links":{"self":[{"href":"https:\/\/www.solarmobil.jakob-fugger-gymnasium.de\/index.php?rest_route=\/wp\/v2\/posts\/973"}],"collection":[{"href":"https:\/\/www.solarmobil.jakob-fugger-gymnasium.de\/index.php?rest_route=\/wp\/v2\/posts"}],"about":[{"href":"https:\/\/www.solarmobil.jakob-fugger-gymnasium.de\/index.php?rest_route=\/wp\/v2\/types\/post"}],"author":[{"embeddable":true,"href":"https:\/\/www.solarmobil.jakob-fugger-gymnasium.de\/index.php?rest_route=\/wp\/v2\/users\/4"}],"replies":[{"embeddable":true,"href":"https:\/\/www.solarmobil.jakob-fugger-gymnasium.de\/index.php?rest_route=%2Fwp%2Fv2%2Fcomments&post=973"}],"version-history":[{"count":2,"href":"https:\/\/www.solarmobil.jakob-fugger-gymnasium.de\/index.php?rest_route=\/wp\/v2\/posts\/973\/revisions"}],"predecessor-version":[{"id":975,"href":"https:\/\/www.solarmobil.jakob-fugger-gymnasium.de\/index.php?rest_route=\/wp\/v2\/posts\/973\/revisions\/975"}],"wp:attachment":[{"href":"https:\/\/www.solarmobil.jakob-fugger-gymnasium.de\/index.php?rest_route=%2Fwp%2Fv2%2Fmedia&parent=973"}],"wp:term":[{"taxonomy":"category","embeddable":true,"href":"https:\/\/www.solarmobil.jakob-fugger-gymnasium.de\/index.php?rest_route=%2Fwp%2Fv2%2Fcategories&post=973"},{"taxonomy":"post_tag","embeddable":true,"href":"https:\/\/www.solarmobil.jakob-fugger-gymnasium.de\/index.php?rest_route=%2Fwp%2Fv2%2Ftags&post=973"}],"curies":[{"name":"wp","href":"https:\/\/api.w.org\/{rel}","templated":true}]}}